{"id":6332,"date":"2015-06-09T05:00:00","date_gmt":"2015-06-09T05:00:00","guid":{"rendered":"http:\/\/plazajuarez.mx\/index\/index.php\/2015\/06\/09\/toma-clandestina-provoca-considerable-derrama-de-diesel\/"},"modified":"2015-06-09T05:00:00","modified_gmt":"2015-06-09T05:00:00","slug":"toma-clandestina-provoca-considerable-derrama-de-diesel","status":"publish","type":"post","link":"https:\/\/plazajuarez.mx\/historico\/toma-clandestina-provoca-considerable-derrama-de-diesel\/","title":{"rendered":"Toma clandestina provoca  considerable derrama de diesel"},"content":{"rendered":"<p><strong>Tula de Allende<\/strong><\/p>\n<ul>\n<li><strong><strong>El derrame afect\u00f3 un terreno de sembrad\u00edo<\/strong><\/strong> <!--more--> \u00a0<\/li>\n<\/ul>\n<p>Considerable derrame de diesel se registr\u00f3 la madrugada de ayer, derivado de una toma clandestina en el poliducto Tula-Salamanca, en inmediaciones del Ejido Santa Ana Ahuehuepan, por lo que t\u00e9cnicos especializados del Sector Ductos\u00a0Catalina de Petr\u00f3leos Mexicanos\u00a0acudieron a controlar el derrame.<\/p>\n<p>\u00a0<\/p>\n<p>La fuga del combustible alcanz\u00f3 alrededor de cinco metros de altura, por lo que se inform\u00f3 que como medida preventiva y en apego a los protocolos internos de seguridad, de inmediato se suspendi\u00f3 el bombeo del combustible y se bloque\u00f3 la v\u00e1lvula de seccionamiento\u00a0Tepetitl\u00e1n.<\/p>\n<p>\u00a0<\/p>\n<p>El derrame se present\u00f3 en un terreno\u00a0de sembrad\u00edos, adem\u00e1s de que un canal de riego result\u00f3 afectado, por lo que para evitar que m\u00e1s sembrad\u00edos se contaminaran se procedi\u00f3 al bloqueo del caudal, conteniendo el producto derramado para su recuperaci\u00f3n con equipos de presi\u00f3n-vac\u00edo.<\/p>\n<p>\u00a0<\/p>\n<p>T\u00e9cnicos de Pemex realizaron la inspecci\u00f3n correspondiente en el lugar para proceder a la limpieza del hidrocarburo y la\u00a0 remediaci\u00f3n del sitio afectado. As\u00ed tambi\u00e9n se inform\u00f3 que se ejecutar\u00edan trabajos de eliminaci\u00f3n de los artefactos colocados il\u00edcitamente y reparaci\u00f3n del ducto para reiniciar su operaci\u00f3n.<\/p>\n<p>\u00a0<\/p>\n<p>Mientras que el \u00e1rea jur\u00eddica de Pemex tom\u00f3 conocimiento de los hechos y present\u00f3 la denuncia respectiva ante el Ministerio P\u00fablico Federal, para efectuar las averiguaciones correspondientes y deslindar responsabilidades.<\/p>\n<p>\u00a0<\/p>\n<p>Pemex reiter\u00f3 que a fin de recibir denuncias an\u00f3nimas de hechos ilegales, que no s\u00f3lo atentan contra el medio ambiente, sino tambi\u00e9n ponen en peligro a las comunidades pone a disposici\u00f3n de la ciudadan\u00eda el n\u00famero de tel\u00e9fono gratuito 01-800-2289660<\/p>\n","protected":false},"excerpt":{"rendered":"<p>Tula de Allende El derrame afect\u00f3 un terreno de sembrad\u00edo<\/p>\n","protected":false},"author":93,"featured_media":0,"comment_status":"open","ping_status":"open","sticky":false,"template":"","format":"standard","meta":{"footnotes":""},"categories":[40],"tags":[],"class_list":["post-6332","post","type-post","status-publish","format-standard","hentry","category-region"],"_links":{"self":[{"href":"https:\/\/plazajuarez.mx\/historico\/wp-json\/wp\/v2\/posts\/6332","targetHints":{"allow":["GET"]}}],"collection":[{"href":"https:\/\/plazajuarez.mx\/historico\/wp-json\/wp\/v2\/posts"}],"about":[{"href":"https:\/\/plazajuarez.mx\/historico\/wp-json\/wp\/v2\/types\/post"}],"author":[{"embeddable":true,"href":"https:\/\/plazajuarez.mx\/historico\/wp-json\/wp\/v2\/users\/93"}],"replies":[{"embeddable":true,"href":"https:\/\/plazajuarez.mx\/historico\/wp-json\/wp\/v2\/comments?post=6332"}],"version-history":[{"count":0,"href":"https:\/\/plazajuarez.mx\/historico\/wp-json\/wp\/v2\/posts\/6332\/revisions"}],"wp:attachment":[{"href":"https:\/\/plazajuarez.mx\/historico\/wp-json\/wp\/v2\/media?parent=6332"}],"wp:term":[{"taxonomy":"category","embeddable":true,"href":"https:\/\/plazajuarez.mx\/historico\/wp-json\/wp\/v2\/categories?post=6332"},{"taxonomy":"post_tag","embeddable":true,"href":"https:\/\/plazajuarez.mx\/historico\/wp-json\/wp\/v2\/tags?post=6332"}],"curies":[{"name":"wp","href":"https:\/\/api.w.org\/{rel}","templated":true}]}}