{"id":6331,"date":"2015-06-09T05:00:00","date_gmt":"2015-06-09T05:00:00","guid":{"rendered":"http:\/\/plazajuarez.mx\/index\/index.php\/2015\/06\/09\/necesarias-estadisticas-para-combatir-trata-de-personas\/"},"modified":"2015-06-09T05:00:00","modified_gmt":"2015-06-09T05:00:00","slug":"necesarias-estadisticas-para-combatir-trata-de-personas","status":"publish","type":"post","link":"https:\/\/plazajuarez.mx\/historico\/necesarias-estadisticas-para-combatir-trata-de-personas\/","title":{"rendered":"Necesarias estad\u00edsticas para  combatir trata de personas"},"content":{"rendered":"<p><strong>EN HIDALGO<\/strong><\/p>\n<ul>\n<li>Hasta el momento no se tiene certeza de combate a trata de mujeres, asegur\u00f3 Imelda Cuellar Cano <!--more--> \u00a0<\/li>\n<\/ul>\n<p>La diputada local de la fracci\u00f3n del Partido de la Revoluci\u00f3n Democr\u00e1tica (PRD), Imelda Cuellar Cano, se\u00f1al\u00f3 que mientras no se tengan estad\u00edsticas reales sobre la desaparici\u00f3n de personas en Hidalgo, no se podr\u00e1 quitar el dedo del rengl\u00f3n en la sospecha de que en al entidad se tiene una extensi\u00f3n de la red de trata de mujeres.<\/p>\n<p>\u00a0<\/p>\n<p>La legisladora se\u00f1al\u00f3 que mientras no se tengan n\u00fameros reales no se podr\u00e1 dar una soluci\u00f3n al problema que cada vez es m\u00e1s evidente, seg\u00fan expres\u00f3, y adelant\u00f3 que est\u00e1n en espera de que la comisi\u00f3n pertinente dictamine sobre el exhorto que subi\u00f3 al pleno durante los primeros meses de la actual legislatura.<\/p>\n<p>\u00a0<\/p>\n<p>\u00a0\u201cNo nos podemos cerrar a un problema nacional, existe trata de personas en todo el pa\u00eds, no s\u00f3lo en Hidalgo, por eso hay una ley que esperemos que pronto sea atendida en el senado y que al llegar al estado se aplique al pie de la letra, no podemos seguir haciendo caso omiso a este tipo de temas, la legislatura lo sabe y deber\u00e1 tomar cartas en el asunto\u201d, dijo Cuellar Cano<\/p>\n<p>\u00a0<\/p>\n<p>De igual forma, tras ser cuestionada, sobre la posible \u201cmaquillada de cifras\u201d\u00a0 en las instituciones procuradoras de justicia, la diputada perredista enfatiz\u00f3 que m\u00e1s que estar preocupados por ocultar las cifras reales o por evitar que estas surjan, los organismos deber\u00edan comenzar el trabajo para dar una soluci\u00f3n real a la problem\u00e1tica que asegur\u00f3 \u201cexiste en Hidalgo\u201d.<\/p>\n<p>\u00a0<\/p>\n<p>Finalmente destac\u00f3 que es necesario que se haga una revisi\u00f3n de centros nocturnos ya que este tipo de lugares son siempre los preferidos por los grupos criminales para realizar la trata de personas, as\u00ed como a los lugares d\u00f3nde contratan jornaleros qui\u00e9nes padecen abusos laborales que conllevan violaciones a los derechos humanos como la explotaci\u00f3n y privaci\u00f3n de su libertad.<\/p>\n<p>\u00a0<\/p>\n","protected":false},"excerpt":{"rendered":"<p>EN HIDALGO Hasta el momento no se tiene certeza de combate a trata de mujeres, asegur\u00f3 Imelda Cuellar Cano<\/p>\n","protected":false},"author":93,"featured_media":0,"comment_status":"open","ping_status":"open","sticky":false,"template":"","format":"standard","meta":{"footnotes":""},"categories":[59],"tags":[],"class_list":["post-6331","post","type-post","status-publish","format-standard","hentry","category-general"],"_links":{"self":[{"href":"https:\/\/plazajuarez.mx\/historico\/wp-json\/wp\/v2\/posts\/6331","targetHints":{"allow":["GET"]}}],"collection":[{"href":"https:\/\/plazajuarez.mx\/historico\/wp-json\/wp\/v2\/posts"}],"about":[{"href":"https:\/\/plazajuarez.mx\/historico\/wp-json\/wp\/v2\/types\/post"}],"author":[{"embeddable":true,"href":"https:\/\/plazajuarez.mx\/historico\/wp-json\/wp\/v2\/users\/93"}],"replies":[{"embeddable":true,"href":"https:\/\/plazajuarez.mx\/historico\/wp-json\/wp\/v2\/comments?post=6331"}],"version-history":[{"count":0,"href":"https:\/\/plazajuarez.mx\/historico\/wp-json\/wp\/v2\/posts\/6331\/revisions"}],"wp:attachment":[{"href":"https:\/\/plazajuarez.mx\/historico\/wp-json\/wp\/v2\/media?parent=6331"}],"wp:term":[{"taxonomy":"category","embeddable":true,"href":"https:\/\/plazajuarez.mx\/historico\/wp-json\/wp\/v2\/categories?post=6331"},{"taxonomy":"post_tag","embeddable":true,"href":"https:\/\/plazajuarez.mx\/historico\/wp-json\/wp\/v2\/tags?post=6331"}],"curies":[{"name":"wp","href":"https:\/\/api.w.org\/{rel}","templated":true}]}}