{"id":6330,"date":"2015-06-09T05:00:00","date_gmt":"2015-06-09T05:00:00","guid":{"rendered":"http:\/\/plazajuarez.mx\/index\/index.php\/2015\/06\/09\/se-acabo-la-veda-electoral-reabren-bodegas-de-probea\/"},"modified":"2015-06-09T05:00:00","modified_gmt":"2015-06-09T05:00:00","slug":"se-acabo-la-veda-electoral-reabren-bodegas-de-probea","status":"publish","type":"post","link":"https:\/\/plazajuarez.mx\/historico\/se-acabo-la-veda-electoral-reabren-bodegas-de-probea\/","title":{"rendered":"Se acabo la veda electoral;  reabren bodegas de Probea"},"content":{"rendered":"<p><strong>*<\/strong>Liberan 3 mil 500 despensas que en breve ser\u00e1n entregadas a la poblaci\u00f3n<\/p>\n<p>*Entrega comenzar\u00e1 a inicios del mes de julio<\/p>\n<p>  <!--more-->  <\/p>\n<p>\u00a0<\/p>\n<p>La Secretar\u00eda de Desarrollo Social (Sedeso) Hidalgo llev\u00f3 a cabo el retiro de los sellos que fueron colocados a las 18 bodegas del Programa Beneficio Alimentario (PROBEA) en la entidad, como parte de las medidas del blindaje que llev\u00f3 a cabo esta dependencia durante el preseco electoral.<\/p>\n<p>\u00a0<\/p>\n<p>En punto de las 14:03 horas del d\u00eda de ayer, el notario 1 del Distrito Judicial de Pachuca, Rafael Arriaga Paz acudi\u00f3 a las instalaciones de la bodega ubicada en el fraccionamiento Parque Industrial Canacintra, para dar fe y legalidad de existencia de las 3 mil 500 despensas resguardadas desde hace dos meses.<\/p>\n<p>\u00a0<\/p>\n<p>Mayka Ortega Eguiluz, titular de la Secretar\u00eda resalt\u00f3 la importancia de haber acatado con la obligaci\u00f3n de transparentar el manejo de los recursos p\u00fablicos, ya que estas acciones evitaron actos il\u00edcitos que hubieran afectado el desarrollo de los comicios electorales, \u201choy ante notarios p\u00fablicos se da fe, de que los m\u00e1s de 9,500 bienes materiales inventariados, propios de los programas sociales, se encuentran \u00edntegros, tal como lo establece la ley\u201d agreg\u00f3.<\/p>\n<p>\u00a0<\/p>\n<p>Detall\u00f3 que el retiro de los sellos se llev\u00f3 a cabo de manera simultanea en las bodegas de los municipios de Pachuca, Tula de Allende, Tepeji del R\u00edo, Huichapan, Zimap\u00e1n, Ixmiquilpan, Actopan, Metztitl\u00e1n, Molango, Huejutla, Apan, Tulancingo, Metepec, Tenango de Doria, Huehuetla, Atotonilco El Grande, Jacala de Ledezma y Zacualtip\u00e1n.<\/p>\n<p>\u00a0<\/p>\n<p>Agreg\u00f3 que ser\u00e1 en el mes de julio cuando la instancia que representa retome la entrega de paquetes alimentarios, una vez que se hayan actualizado los listados de las familias beneficiarias en cada una de las regiones de la entidad, puesto que se han detectado errores en los registros en los 192 mil beneficiaros.<\/p>\n","protected":false},"excerpt":{"rendered":"<p>*Liberan 3 mil 500 despensas que en breve ser\u00e1n entregadas a la poblaci\u00f3n *Entrega comenzar\u00e1 a inicios del mes de julio<\/p>\n","protected":false},"author":93,"featured_media":0,"comment_status":"open","ping_status":"open","sticky":false,"template":"","format":"standard","meta":{"footnotes":""},"categories":[59],"tags":[],"class_list":["post-6330","post","type-post","status-publish","format-standard","hentry","category-general"],"_links":{"self":[{"href":"https:\/\/plazajuarez.mx\/historico\/wp-json\/wp\/v2\/posts\/6330","targetHints":{"allow":["GET"]}}],"collection":[{"href":"https:\/\/plazajuarez.mx\/historico\/wp-json\/wp\/v2\/posts"}],"about":[{"href":"https:\/\/plazajuarez.mx\/historico\/wp-json\/wp\/v2\/types\/post"}],"author":[{"embeddable":true,"href":"https:\/\/plazajuarez.mx\/historico\/wp-json\/wp\/v2\/users\/93"}],"replies":[{"embeddable":true,"href":"https:\/\/plazajuarez.mx\/historico\/wp-json\/wp\/v2\/comments?post=6330"}],"version-history":[{"count":0,"href":"https:\/\/plazajuarez.mx\/historico\/wp-json\/wp\/v2\/posts\/6330\/revisions"}],"wp:attachment":[{"href":"https:\/\/plazajuarez.mx\/historico\/wp-json\/wp\/v2\/media?parent=6330"}],"wp:term":[{"taxonomy":"category","embeddable":true,"href":"https:\/\/plazajuarez.mx\/historico\/wp-json\/wp\/v2\/categories?post=6330"},{"taxonomy":"post_tag","embeddable":true,"href":"https:\/\/plazajuarez.mx\/historico\/wp-json\/wp\/v2\/tags?post=6330"}],"curies":[{"name":"wp","href":"https:\/\/api.w.org\/{rel}","templated":true}]}}