{"id":6329,"date":"2015-06-09T05:00:00","date_gmt":"2015-06-09T05:00:00","guid":{"rendered":"http:\/\/plazajuarez.mx\/index\/index.php\/2015\/06\/09\/dejare-huella-en-el-congreso-promete-alfredo-bejos\/"},"modified":"2015-06-09T05:00:00","modified_gmt":"2015-06-09T05:00:00","slug":"dejare-huella-en-el-congreso-promete-alfredo-bejos","status":"publish","type":"post","link":"https:\/\/plazajuarez.mx\/historico\/dejare-huella-en-el-congreso-promete-alfredo-bejos\/","title":{"rendered":"Dejar\u00e9 huella en el Congreso,  promete Alfredo Bejos"},"content":{"rendered":"<p>La clave para que los resultados favorecieran a la f\u00f3rmula encabezada por Alfredo Bejos Nicol\u00e1s, fue la cercan\u00eda con la gente, \u201cfue una campa\u00f1a cercana a la gente, de tierra, directamente casa por casa, \u00a0con esta estrategia pudimos presentar nuestra propuesta a m\u00e1s\u00a0 de 51 mil personas, gracias a la confianza seguiremos dejando huella en la siguiente legislatura federal en beneficio de los habitantes de Hidalgo \u201d, afirm\u00f3 el candidato.<\/p>\n<p>  <!--more-->  <\/p>\n<p>\u00a0<\/p>\n<p>A unas horas de concluir el Programa de Resultados Preliminares manifest\u00f3 sentirse satisfecho con el resultado obtenido, \u201cpuedo destacar de esta campa\u00f1a el trabajo en equipo\u00a0 que cont\u00f3 con el respaldo de la estructura, adem\u00e1s este resultado obtenido en todo el estado es reflejo del trabajo que realiza\u00a0 el gobernador Francisco Olvera\u201d.<\/p>\n<p>Indic\u00f3 que su labor no se detiene con la validez oficial de los resultados, sino que trabajar\u00e1 para que las propuestas que la gente plasm\u00f3 en su agenda ciudadana se reflejen en iniciativas de ley, \u201cimplementaremos alguna estrategia que permita dar seguimiento a la Agenda Ciudadana\u201d, afirm\u00f3.<\/p>\n<p>Alfredo Bejos manifest\u00f3 que este documento, que llev\u00f3 consigo a todos sus recorridos\u00a0 y reuniones, permiti\u00f3 conocer la opini\u00f3n de los habitantes de Pachuca y Mineral de la Reforma sobre diversos temas.<\/p>\n<p>Adelant\u00f3 que realizar\u00e1n reuniones y foros para aterrizar las propuestas de la gente para llevarlas a la C\u00e1mara de Diputados Federal, \u201cser\u00e9 la voz de la ciudadan\u00eda que confi\u00f3 en nosotros, impulsaremos las propuestas que la ciudadan\u00eda quiere que llevemos a la realidad\u201d.<\/p>\n<p>\u201cLa Agenda Ciudadana no s\u00f3lo es una estrategia, es real, ah\u00ed est\u00e1n las m\u00e1s de 600 propuestas que recibimos por parte de la gente, vamos a darle el seguimiento que se requiere y plasmarlas en las leyes secundarias y en las iniciativas que impulsar\u00e9 desde San L\u00e1zaro\u201d.<\/p>\n","protected":false},"excerpt":{"rendered":"<p>La clave para que los resultados favorecieran a la f\u00f3rmula encabezada por Alfredo Bejos Nicol\u00e1s, fue la cercan\u00eda con la gente, \u201cfue una campa\u00f1a cercana a la gente, de tierra, directamente casa por casa, \u00a0con esta estrategia pudimos presentar nuestra propuesta a m\u00e1s\u00a0 de 51 mil personas, gracias a la confianza seguiremos dejando huella en [&hellip;]<\/p>\n","protected":false},"author":93,"featured_media":0,"comment_status":"open","ping_status":"open","sticky":false,"template":"","format":"standard","meta":{"footnotes":""},"categories":[59],"tags":[],"class_list":["post-6329","post","type-post","status-publish","format-standard","hentry","category-general"],"_links":{"self":[{"href":"https:\/\/plazajuarez.mx\/historico\/wp-json\/wp\/v2\/posts\/6329","targetHints":{"allow":["GET"]}}],"collection":[{"href":"https:\/\/plazajuarez.mx\/historico\/wp-json\/wp\/v2\/posts"}],"about":[{"href":"https:\/\/plazajuarez.mx\/historico\/wp-json\/wp\/v2\/types\/post"}],"author":[{"embeddable":true,"href":"https:\/\/plazajuarez.mx\/historico\/wp-json\/wp\/v2\/users\/93"}],"replies":[{"embeddable":true,"href":"https:\/\/plazajuarez.mx\/historico\/wp-json\/wp\/v2\/comments?post=6329"}],"version-history":[{"count":0,"href":"https:\/\/plazajuarez.mx\/historico\/wp-json\/wp\/v2\/posts\/6329\/revisions"}],"wp:attachment":[{"href":"https:\/\/plazajuarez.mx\/historico\/wp-json\/wp\/v2\/media?parent=6329"}],"wp:term":[{"taxonomy":"category","embeddable":true,"href":"https:\/\/plazajuarez.mx\/historico\/wp-json\/wp\/v2\/categories?post=6329"},{"taxonomy":"post_tag","embeddable":true,"href":"https:\/\/plazajuarez.mx\/historico\/wp-json\/wp\/v2\/tags?post=6329"}],"curies":[{"name":"wp","href":"https:\/\/api.w.org\/{rel}","templated":true}]}}