{"id":6327,"date":"2015-06-09T05:00:00","date_gmt":"2015-06-09T05:00:00","guid":{"rendered":"http:\/\/plazajuarez.mx\/index\/index.php\/2015\/06\/09\/mural-de-palmitas-sera-el-mas-grande-del-mundo\/"},"modified":"2015-06-09T05:00:00","modified_gmt":"2015-06-09T05:00:00","slug":"mural-de-palmitas-sera-el-mas-grande-del-mundo","status":"publish","type":"post","link":"https:\/\/plazajuarez.mx\/historico\/mural-de-palmitas-sera-el-mas-grande-del-mundo\/","title":{"rendered":"Mural de Palmitas ser\u00e1 el  m\u00e1s grande del mundo"},"content":{"rendered":"<p><strong>* <\/strong>Ayuntamiento invierte m\u00e1s de 5 millones en obras<\/p>\n<p>* Como parte de las acciones del programa \u201cprevenci\u00f3n al delito\u201d<\/p>\n<p>  <!--more-->  <\/p>\n<p>\u00a0<\/p>\n<p>Con una inversi\u00f3n de m\u00e1s de 5 millones de pesos la obra capitalina \u201cPachuca se pinta\u201d registra un avance del 80 por ciento, por lo que se prev\u00e9 sea en breve cuando el alcalde presente a nivel nacional lo que se plasma ser\u00e1 el mural m\u00e1s grande del pa\u00eds.<\/p>\n<p>\u00a0<\/p>\n<p>Durante un recorrido por la obra en el cerro de Palmitas, Eleazar Garc\u00eda S\u00e1nchez, presidente municipal explic\u00f3 que la pinta de casas con diversos colores en esa demarcaci\u00f3n, adem\u00e1s de mejorar la imagen urbana, impulsa un cambio radical y positivo que motiva el entusiasmo y la unidad de los vecinos.<\/p>\n<p>\u00a0<\/p>\n<p>Agreg\u00f3 que las acciones son resultado de un programa federal de prevenci\u00f3n del delito en coordinaci\u00f3n con autoridades locales, el cual contempla la integraci\u00f3n de diversas acciones de intervenci\u00f3n social, que incluyen, capacitaci\u00f3n, actividades deportivas, Jornadas dirigidas a la juventud, creaci\u00f3n de espacios deportivos, entre otros.<\/p>\n<p>\u00a0<\/p>\n<p>Al referirse al colorido que ahora caracteriza a esa zona\u00a0 de Pachuca, indic\u00f3 que dicho mural, colocar\u00e1 al cerro de Palmitas como un s\u00edmbolo de la ciudad capitalina y del estado.\u00a0<\/p>\n<p>\u00a0<\/p>\n<p>El alcalde apunt\u00f3 que pese a que la parte externa se ha concluido, ahora se deben atender los aspectos internos en callejones, para concluir el proyecto, \u201cporque m\u00e1s all\u00e1 del tema de la imagen urbana que es importante, tendr\u00e1 un impacto muy positivo en el tejido social y sobre todo para las futuras generaciones\u201d concluy\u00f3.<\/p>\n<p>\u00a0<\/p>\n","protected":false},"excerpt":{"rendered":"<p>* Ayuntamiento invierte m\u00e1s de 5 millones en obras * Como parte de las acciones del programa \u201cprevenci\u00f3n al delito\u201d<\/p>\n","protected":false},"author":93,"featured_media":0,"comment_status":"open","ping_status":"open","sticky":false,"template":"","format":"standard","meta":{"footnotes":""},"categories":[59],"tags":[],"class_list":["post-6327","post","type-post","status-publish","format-standard","hentry","category-general"],"_links":{"self":[{"href":"https:\/\/plazajuarez.mx\/historico\/wp-json\/wp\/v2\/posts\/6327","targetHints":{"allow":["GET"]}}],"collection":[{"href":"https:\/\/plazajuarez.mx\/historico\/wp-json\/wp\/v2\/posts"}],"about":[{"href":"https:\/\/plazajuarez.mx\/historico\/wp-json\/wp\/v2\/types\/post"}],"author":[{"embeddable":true,"href":"https:\/\/plazajuarez.mx\/historico\/wp-json\/wp\/v2\/users\/93"}],"replies":[{"embeddable":true,"href":"https:\/\/plazajuarez.mx\/historico\/wp-json\/wp\/v2\/comments?post=6327"}],"version-history":[{"count":0,"href":"https:\/\/plazajuarez.mx\/historico\/wp-json\/wp\/v2\/posts\/6327\/revisions"}],"wp:attachment":[{"href":"https:\/\/plazajuarez.mx\/historico\/wp-json\/wp\/v2\/media?parent=6327"}],"wp:term":[{"taxonomy":"category","embeddable":true,"href":"https:\/\/plazajuarez.mx\/historico\/wp-json\/wp\/v2\/categories?post=6327"},{"taxonomy":"post_tag","embeddable":true,"href":"https:\/\/plazajuarez.mx\/historico\/wp-json\/wp\/v2\/tags?post=6327"}],"curies":[{"name":"wp","href":"https:\/\/api.w.org\/{rel}","templated":true}]}}