{"id":6324,"date":"2015-06-08T05:00:00","date_gmt":"2015-06-08T05:00:00","guid":{"rendered":"http:\/\/plazajuarez.mx\/index\/index.php\/2015\/06\/08\/esperan-tranquilidad-en-la-entidad\/"},"modified":"2015-06-08T05:00:00","modified_gmt":"2015-06-08T05:00:00","slug":"esperan-tranquilidad-en-la-entidad","status":"publish","type":"post","link":"https:\/\/plazajuarez.mx\/historico\/esperan-tranquilidad-en-la-entidad\/","title":{"rendered":"Esperan tranquilidad en la entidad"},"content":{"rendered":"<p>DESPU\u00c9S DE LA JORNADA ELECTORAL\u00a0<\/p>\n<ul>\n<li>Afirm\u00f3 el gobernador del estado, Jos\u00e9 Francisco Olvera<\/li>\n<li>Funcionarios emiten su voto y llaman a la ciudadanaza ha hacer lo mismo<\/li>\n<li>Resumen de la votaci\u00f3n en Pachuca<\/li>\n<\/ul>\n<p>  <!--more-->  <\/p>\n<p>Luego de emitir su voto en la casilla ubicada en Hidarte en la capital hidalguense, el gobernador del estado de Hidalgo, Jos\u00e9 Francisco Olvera Ruiz,\u00a0 dijo esperar una fase poselectoral igual a como se desarroll\u00f3 la Jornada, es decir en tranquilidad y con incidentes menores.<\/p>\n<p>\u00a0<\/p>\n<p>A la pregunta de los medios de comunicaci\u00f3n sobre c\u00f3mo se esperar\u00eda la fase poselectoral, respondi\u00f3 \u201cigual que se d\u00e9 con la misma manera, mientras la gente salga a votar, mientras no haya ning\u00fan incidente, podemos asegurar que el poselectoral sea tranquilo\u201d.<\/p>\n<p>\u00a0<\/p>\n<p>Luego de emitir su voto, horas antes del mediod\u00eda, el mandatario local invit\u00f3 a la ciudadan\u00eda a salir a las urnas \u201caprovechar el clima de paz, de civilidad que hay en la entidad y espero que la gente salga a ejercer este doble prop\u00f3sito de la ley, tanto es una obligaci\u00f3n como derecho a ejercer el voto\u201d.<\/p>\n<p>\u00a0<\/p>\n<p>Este llamado tambi\u00e9n lo realiz\u00f3 en su momento el Secretario de Gobierno federal, Miguel \u00c1ngel Osorio Chong, quien acudi\u00f3 a la capital hidalguense a emitir su voto y dar a conocer los primeros reportes de incidencias, resaltando la quema de boletas en Ixtla, Guerrero.<\/p>\n<p>\u00a0<\/p>\n<p>Resalt\u00f3 que por este hecho no se pod\u00eda generalizar a todo el estado de Guerrero ni a todo el pa\u00eds, donde prevalec\u00eda un clima de paz y tranquilidad y donde trascurr\u00eda el proceso electoral en civilidad, de ah\u00ed que reiter\u00f3 que las condiciones estaban dadas para que la ciudadan\u00eda saliera a las urnas.<\/p>\n<p>\u00a0<\/p>\n<p>A este llamado se sumaron a lo largo del d\u00eda funcionarios federales, integrantes del gabinete de gobierno en la entidad y candidatos que emitieron su voto en el transcurso de la jornada en el Distrito 6 con cabecera en Pachuca, entre ellos la diputada federal Mirna Hern\u00e1ndez, los senadores Omar Fayad Meneses y David Penchyna, los secretarios Salvador Elguero Molina, Geraldina Garc\u00eda Gordillo y funcionarios federales como la titular de la CDI, Nuvia Mayorga.<\/p>\n","protected":false},"excerpt":{"rendered":"<p>DESPU\u00c9S DE LA JORNADA ELECTORAL\u00a0 Afirm\u00f3 el gobernador del estado, Jos\u00e9 Francisco Olvera Funcionarios emiten su voto y llaman a la ciudadanaza ha hacer lo mismo Resumen de la votaci\u00f3n en Pachuca<\/p>\n","protected":false},"author":93,"featured_media":0,"comment_status":"open","ping_status":"open","sticky":false,"template":"","format":"standard","meta":{"footnotes":""},"categories":[59],"tags":[],"class_list":["post-6324","post","type-post","status-publish","format-standard","hentry","category-general"],"_links":{"self":[{"href":"https:\/\/plazajuarez.mx\/historico\/wp-json\/wp\/v2\/posts\/6324","targetHints":{"allow":["GET"]}}],"collection":[{"href":"https:\/\/plazajuarez.mx\/historico\/wp-json\/wp\/v2\/posts"}],"about":[{"href":"https:\/\/plazajuarez.mx\/historico\/wp-json\/wp\/v2\/types\/post"}],"author":[{"embeddable":true,"href":"https:\/\/plazajuarez.mx\/historico\/wp-json\/wp\/v2\/users\/93"}],"replies":[{"embeddable":true,"href":"https:\/\/plazajuarez.mx\/historico\/wp-json\/wp\/v2\/comments?post=6324"}],"version-history":[{"count":0,"href":"https:\/\/plazajuarez.mx\/historico\/wp-json\/wp\/v2\/posts\/6324\/revisions"}],"wp:attachment":[{"href":"https:\/\/plazajuarez.mx\/historico\/wp-json\/wp\/v2\/media?parent=6324"}],"wp:term":[{"taxonomy":"category","embeddable":true,"href":"https:\/\/plazajuarez.mx\/historico\/wp-json\/wp\/v2\/categories?post=6324"},{"taxonomy":"post_tag","embeddable":true,"href":"https:\/\/plazajuarez.mx\/historico\/wp-json\/wp\/v2\/tags?post=6324"}],"curies":[{"name":"wp","href":"https:\/\/api.w.org\/{rel}","templated":true}]}}