{"id":6322,"date":"2015-06-08T05:00:00","date_gmt":"2015-06-08T05:00:00","guid":{"rendered":"http:\/\/plazajuarez.mx\/index\/index.php\/2015\/06\/08\/disminuir-plurinominales-y-quitar-el-fuero\/"},"modified":"2015-06-08T05:00:00","modified_gmt":"2015-06-08T05:00:00","slug":"disminuir-plurinominales-y-quitar-el-fuero","status":"publish","type":"post","link":"https:\/\/plazajuarez.mx\/historico\/disminuir-plurinominales-y-quitar-el-fuero\/","title":{"rendered":"Disminuir plurinominales y quitar el fuero  \u00a0"},"content":{"rendered":"<p>EL PENDIENTE PARA PR\u00d3XIMA LEGISLATURA<\/p>\n<ul>\n<li>En el marco de la votaci\u00f3n, afirm\u00f3 Mirna Hern\u00e1ndez, diputada federal <!--more--> \u00a0<\/li>\n<\/ul>\n<p>En el marco de la elecci\u00f3n de diputados federales de este domingo 7 de junio, la actual diputada federal por el Distrito 6 con cabecera en Pachuca, Mirna Hern\u00e1ndez\u00a0 Morales, reconoci\u00f3 que la actual legislatura dejar\u00e1 importantes pendientes a la que entrar\u00e1 en funciones en el mes de septiembre.<\/p>\n<p>\u00a0<\/p>\n<p>Expres\u00f3 que entre los pendientes m\u00e1s importantes y que no logr\u00f3 la actual legislatura es la disminuci\u00f3n de los diputados plurinominales, de los cuales hoy llegan por esta v\u00eda a la C\u00e1mara de Diputados 200 personas.<\/p>\n<p>\u00a0<\/p>\n<p>Igualmente, agreg\u00f3 que deber\u00e1 ser importante tambi\u00e9n quitarles a los diputados el fuero, una propuesta que asegur\u00f3 se aprob\u00f3 en la C\u00e1mara de Diputados, pero se qued\u00f3 en el Senado \u201cojala tambi\u00e9n en est\u00e1 legislatura lo podamos lograr\u201d, dijo.<\/p>\n<p>\u00a0<\/p>\n<p>Agreg\u00f3 que otro pendiente, que se dejar\u00e1 a la pr\u00f3xima legislatura local \u201cson las leyes secundar\u00edas de muchos de las reformas que hicimos, sobre todo en el ultimo a\u00f1o\u201d, expres\u00f3 la legisladora hidalguense, Mirna Hern\u00e1ndez.<\/p>\n<p>\u00a0<\/p>\n<p>Sobre la jornada electoral, la a\u00fan diputada federal por Hidalgo, mencion\u00f3 que en lo personal, a ella le dar\u00eda mucho gusto pasarle la estafeta \u201ca otro compa\u00f1ero de mi partido de este distrito, a una persona con la que hemos convivido durante muchos a\u00f1os, lo conozco, s\u00e9 que es una persona muy capaz\u201d, al referirse a Alfredo Bejos Nicol\u00e1s.<\/p>\n<p>\u00a0<\/p>\n<p>Respecto al\u00a0 trabajo de gesti\u00f3n de los actuales legisladores locales, Hern\u00e1ndez Morales, mencion\u00f3 que todos los diputados pri\u00edstas \u201ccumplimos con tres encargos muy fuertes, que fue el aprobar los recursos econ\u00f3micos m\u00e1s altos de los que se pudo tener en el estado de Hidalgo, que pudimos fiscalizar que se aplicaran correctamente, y tambi\u00e9n estuvimos atentos en la gesti\u00f3n de nuestros distritos, regresamos las veces que fue necesario, porque tambi\u00e9n el contacto con la ciudadan\u00eda es parte de nuestra obligaci\u00f3n\u201d, remat\u00f3.<\/p>\n","protected":false},"excerpt":{"rendered":"<p>EL PENDIENTE PARA PR\u00d3XIMA LEGISLATURA En el marco de la votaci\u00f3n, afirm\u00f3 Mirna Hern\u00e1ndez, diputada federal<\/p>\n","protected":false},"author":93,"featured_media":0,"comment_status":"open","ping_status":"open","sticky":false,"template":"","format":"standard","meta":{"footnotes":""},"categories":[59],"tags":[],"class_list":["post-6322","post","type-post","status-publish","format-standard","hentry","category-general"],"_links":{"self":[{"href":"https:\/\/plazajuarez.mx\/historico\/wp-json\/wp\/v2\/posts\/6322","targetHints":{"allow":["GET"]}}],"collection":[{"href":"https:\/\/plazajuarez.mx\/historico\/wp-json\/wp\/v2\/posts"}],"about":[{"href":"https:\/\/plazajuarez.mx\/historico\/wp-json\/wp\/v2\/types\/post"}],"author":[{"embeddable":true,"href":"https:\/\/plazajuarez.mx\/historico\/wp-json\/wp\/v2\/users\/93"}],"replies":[{"embeddable":true,"href":"https:\/\/plazajuarez.mx\/historico\/wp-json\/wp\/v2\/comments?post=6322"}],"version-history":[{"count":0,"href":"https:\/\/plazajuarez.mx\/historico\/wp-json\/wp\/v2\/posts\/6322\/revisions"}],"wp:attachment":[{"href":"https:\/\/plazajuarez.mx\/historico\/wp-json\/wp\/v2\/media?parent=6322"}],"wp:term":[{"taxonomy":"category","embeddable":true,"href":"https:\/\/plazajuarez.mx\/historico\/wp-json\/wp\/v2\/categories?post=6322"},{"taxonomy":"post_tag","embeddable":true,"href":"https:\/\/plazajuarez.mx\/historico\/wp-json\/wp\/v2\/tags?post=6322"}],"curies":[{"name":"wp","href":"https:\/\/api.w.org\/{rel}","templated":true}]}}