{"id":6318,"date":"2015-06-08T05:00:00","date_gmt":"2015-06-08T05:00:00","guid":{"rendered":"http:\/\/plazajuarez.mx\/index\/index.php\/2015\/06\/08\/dese-por-enterado-49\/"},"modified":"2020-04-14T19:10:24","modified_gmt":"2020-04-14T19:10:24","slug":"dese-por-enterado-49","status":"publish","type":"post","link":"https:\/\/plazajuarez.mx\/historico\/dese-por-enterado-49\/","title":{"rendered":"DESE por ENTERADO"},"content":{"rendered":"<p><strong>Trompadas entre fot\u00f3grafos<\/strong><\/p>\n<p>\u00a0<\/p>\n<p>Resulta que un fot\u00f3grafo del equipo de campa\u00f1a del ahora ganador de la diputaci\u00f3n federal por Pachuca, Alfredo Bejos, tuvo un altercado un reportero gr\u00e1fico de un medio informativo. Hasta ah\u00ed ning\u00fan problema, pero apareci\u00f3 el se\u00f1or padre del trabajador del abanderado tricolor y se li\u00f3 a golpes con el que hab\u00eda ofendido a su v\u00e1stago. En breve sesi\u00f3n pugil\u00edstica le tundi\u00f3 que dio gusto al joven representante del medio informativo, y estaba decidido a dejarlo cual Santo Cristo de no ser por la intervenci\u00f3n de otros colegas m\u00e1s razonables y por supuesto inteligentes. No son pocos los que ya cuestionan al doctor Bejos por contratar a verdaderos energ\u00famenos en sus filas. Ni hablar, un prietito en el arroz.<\/p>\n<p>  <!--more-->  <\/p>\n<p>\u00a0<\/p>\n<p>\u00a0<\/p>\n<p>\u00a0\u00a0\u00a0\u00a0\u00a0\u00a0\u00a0\u00a0\u00a0\u00a0\u00a0\u00a0\u00a0\u00a0\u00a0\u00a0\u00a0\u00a0\u00a0\u00a0\u00a0\u00a0\u00a0\u00a0\u00a0\u00a0\u00a0\u00a0\u00a0\u00a0\u00a0\u00a0\u00a0\u00a0\u00a0\u00a0\u00a0\u00a0\u00a0\u00a0\u00a0\u00a0\u00a0\u00a0\u00a0\u00a0\u00a0\u00a0\u00a0\u00a0\u00a0\u00a0\u00a0\u00a0\u00a0\u00a0\u00a0\u00a0 ***<\/p>\n<p>\u00a0<\/p>\n<p><strong>Huejutla, condenados Judas<\/strong><\/p>\n<p>\u00a0<\/p>\n<p>Los se\u00f1ores de apellido Fayad y Badillo le hicieron ver su suerte a la preciosa Caro, m\u00e1s conocida como Carolina Viggiano Austria, candidata del PRI-Verde Ecologista a legisladora federal por el rumbo de Huejutla. Vaya que destinaron dinero para hacer ganar al abanderado de Encuentro Social. Le invirtieron todo lo que ten\u00edan en su cochinito y por poco y dejan mal parada a la preciosa Caro. Pero en un cierre de fotograf\u00eda la candidata gan\u00f3 al que era impulsado por los susodichos. Algo debe hacer el PRI con estos Judas Iscariotes, porque no se vale que todav\u00eda se hagan pasar como militantes tricolores, hayan sacado provecho de esa supuesta militancia, y a las primeras le den la espalda a quien se supon\u00eda era su candidata. As\u00ed que ya merecen un buen apret\u00f3n de tuercas estos jijos de suchi.<\/p>\n<p>\u00a0<\/p>\n<p>\u00a0\u00a0\u00a0\u00a0\u00a0\u00a0\u00a0\u00a0\u00a0\u00a0\u00a0\u00a0\u00a0\u00a0\u00a0\u00a0\u00a0\u00a0\u00a0\u00a0\u00a0\u00a0\u00a0\u00a0\u00a0\u00a0\u00a0\u00a0\u00a0\u00a0\u00a0\u00a0\u00a0\u00a0\u00a0\u00a0\u00a0\u00a0\u00a0\u00a0\u00a0\u00a0\u00a0\u00a0\u00a0\u00a0\u00a0\u00a0\u00a0\u00a0\u00a0\u00a0\u00a0\u00a0\u00a0\u00a0\u00a0\u00a0 ***<\/p>\n<p>\u00a0<\/p>\n<p><strong>Sorpresa, ni tanto, la de To\u00f1o Mota<\/strong><\/p>\n<p>\u00a0<\/p>\n<p>Algunos dir\u00e1n que es una sorpresa, pero no, la mera verdad no. Con todo, el dirigente del Grupo Universidad, Gerardo Sosa, mand\u00f3 a que maestros, alumnos, parientes de los alumnos, administrativos, en fin toda la universidad en bola fuera a votar por el \u201ccandidato independiente\u201d, Antonio Mota, quien qued\u00f3 en segundo lugar, arriba de Roxxy la ocurrente, el PRD, Morena y todo los dem\u00e1s. As\u00ed que el experimento le funcion\u00f3 al susodicho. Tambi\u00e9n no hay que quitarle m\u00e9ritos al maestro Mota, quien con todo y la sombra negra del que lo maneja, abon\u00f3 a obtener el segundo puesto con su historial personal intachable y el reconocimiento que le tienen cientos de quienes fueron sus alumnos. Eso no est\u00e1 a discusi\u00f3n.<\/p>\n<p>\u00a0<\/p>\n<p>\u00a0\u00a0\u00a0\u00a0\u00a0\u00a0\u00a0\u00a0\u00a0\u00a0\u00a0\u00a0\u00a0\u00a0\u00a0\u00a0\u00a0\u00a0\u00a0\u00a0\u00a0\u00a0\u00a0\u00a0\u00a0\u00a0\u00a0\u00a0\u00a0\u00a0\u00a0\u00a0\u00a0\u00a0\u00a0\u00a0\u00a0\u00a0\u00a0\u00a0\u00a0\u00a0\u00a0\u00a0\u00a0\u00a0\u00a0\u00a0\u00a0\u00a0\u00a0\u00a0\u00a0\u00a0\u00a0\u00a0\u00a0\u00a0 ***<\/p>\n<p>\u00a0<\/p>\n<p><strong>Crespo, \u00bfy ahora para d\u00f3nde?<\/strong><\/p>\n<p>\u00a0<\/p>\n<p>El dirigente tricolor, Ricardo Crespo, ahora s\u00ed ya puede plantear que merece una oportunidad luego de ganar de todas todas. Es decir que ya se le observa rumbo a la nominaci\u00f3n para la alcald\u00eda de la capital hidalguense. Ha hecho m\u00e9ritos constantes y sonantes.<\/p>\n<p>\u00a0<\/p>\n<p>\u00a0\u00a0\u00a0\u00a0\u00a0\u00a0\u00a0\u00a0\u00a0\u00a0\u00a0\u00a0\u00a0\u00a0\u00a0\u00a0\u00a0\u00a0\u00a0\u00a0\u00a0\u00a0\u00a0\u00a0\u00a0\u00a0\u00a0\u00a0\u00a0\u00a0\u00a0\u00a0\u00a0\u00a0\u00a0\u00a0\u00a0\u00a0\u00a0\u00a0\u00a0\u00a0\u00a0\u00a0\u00a0\u00a0\u00a0\u00a0\u00a0\u00a0\u00a0\u00a0\u00a0\u00a0\u00a0\u00a0\u00a0\u00a0 ***<\/p>\n<p>\u00a0<\/p>\n<p><strong>Dudas y comentarios:<\/strong><\/p>\n<p>\u00a0<\/p>\n<p><a href=\"mailto:cultoycaballeroso@gmail.com\">cultoycaballeroso@gmail.com<\/a><\/p>\n<p>twitter: @desexenterado\u00a0\u00a0\u00a0\u00a0\u00a0\u00a0\u00a0\u00a0\u00a0\u00a0\u00a0\u00a0\u00a0\u00a0\u00a0\u00a0\u00a0\u00a0\u00a0\u00a0\u00a0\u00a0\u00a0\u00a0\u00a0\u00a0\u00a0\u00a0\u00a0\u00a0\u00a0\u00a0\u00a0\u00a0\u00a0\u00a0\u00a0\u00a0\u00a0\u00a0\u00a0\u00a0<\/p>\n","protected":false},"excerpt":{"rendered":"<p>Trompadas entre fot\u00f3grafos \u00a0 Resulta que un fot\u00f3grafo del equipo de campa\u00f1a del ahora ganador de la diputaci\u00f3n federal por Pachuca, Alfredo Bejos, tuvo un altercado un reportero gr\u00e1fico de un medio informativo. Hasta ah\u00ed ning\u00fan problema, pero apareci\u00f3 el se\u00f1or padre del trabajador del abanderado tricolor y se li\u00f3 a golpes con el que [&hellip;]<\/p>\n","protected":false},"author":93,"featured_media":0,"comment_status":"open","ping_status":"open","sticky":false,"template":"","format":"standard","meta":{"footnotes":""},"categories":[83,42],"tags":[],"class_list":["post-6318","post","type-post","status-publish","format-standard","hentry","category-dese-por-enterado","category-nuestrapalabra"],"_links":{"self":[{"href":"https:\/\/plazajuarez.mx\/historico\/wp-json\/wp\/v2\/posts\/6318","targetHints":{"allow":["GET"]}}],"collection":[{"href":"https:\/\/plazajuarez.mx\/historico\/wp-json\/wp\/v2\/posts"}],"about":[{"href":"https:\/\/plazajuarez.mx\/historico\/wp-json\/wp\/v2\/types\/post"}],"author":[{"embeddable":true,"href":"https:\/\/plazajuarez.mx\/historico\/wp-json\/wp\/v2\/users\/93"}],"replies":[{"embeddable":true,"href":"https:\/\/plazajuarez.mx\/historico\/wp-json\/wp\/v2\/comments?post=6318"}],"version-history":[{"count":0,"href":"https:\/\/plazajuarez.mx\/historico\/wp-json\/wp\/v2\/posts\/6318\/revisions"}],"wp:attachment":[{"href":"https:\/\/plazajuarez.mx\/historico\/wp-json\/wp\/v2\/media?parent=6318"}],"wp:term":[{"taxonomy":"category","embeddable":true,"href":"https:\/\/plazajuarez.mx\/historico\/wp-json\/wp\/v2\/categories?post=6318"},{"taxonomy":"post_tag","embeddable":true,"href":"https:\/\/plazajuarez.mx\/historico\/wp-json\/wp\/v2\/tags?post=6318"}],"curies":[{"name":"wp","href":"https:\/\/api.w.org\/{rel}","templated":true}]}}