{"id":6315,"date":"2015-06-08T05:00:00","date_gmt":"2015-06-08T05:00:00","guid":{"rendered":"http:\/\/plazajuarez.mx\/index\/index.php\/2015\/06\/08\/exige-ley-equitativa-para-el-documental\/"},"modified":"2015-06-08T05:00:00","modified_gmt":"2015-06-08T05:00:00","slug":"exige-ley-equitativa-para-el-documental","status":"publish","type":"post","link":"https:\/\/plazajuarez.mx\/historico\/exige-ley-equitativa-para-el-documental\/","title":{"rendered":"Exige ley equitativa para el documental"},"content":{"rendered":"<p>La pr\u00f3xima Ley del Cine y Medios Audiovisuales, actualmente en proceso en el Senado de la Rep\u00fablica, debe tener un apartado espec\u00edfico para ayudar a documentales.<\/p>\n<p>  <!--more-->  <\/p>\n<p>\u00a0<\/p>\n<p>Elena Fortes, directora general de Ambulante, proyecto que inici\u00f3 hace una d\u00e9cada para incentivar la exhibici\u00f3n de pel\u00edculas de este g\u00e9nero, subraya la necesidad de que el documental no sea descuidado.<\/p>\n<p>Actualmente no existe un etiquetado espec\u00edfico que permita a creadores de documental, acceder a dinero p\u00fablico, como s\u00ed existe con las pel\u00edculas de ficci\u00f3n.<\/p>\n<p>Actualmente, ese apoyo ocurre a trav\u00e9s del Instituto Mexicano de Cinematograf\u00eda (Imcine), que suele lanzar convocatorias, o incluso Ambulante, que otorga becas para ayudar a los directores de este g\u00e9nero.<\/p>\n<p>\u201cTiene que haber fondos dirigidos al documental, nosotros por eso apoyamos, porque no exist\u00edan\u201d, record\u00f3 Elena Fortes.<\/p>\n<p>\u201cHay que apoyar ese rubro, que se hagan m\u00e1s documentales, debe ser tratado igual que la ficci\u00f3n\u201d, agreg\u00f3 la directora de Ambulante.<\/p>\n<p>La declaraci\u00f3n se dio durante la presentaci\u00f3n de resultados de la 10 edici\u00f3n de Gira de Documentales Ambulante, iniciativa de los \u201ccharolastras\u201d: Gael Garc\u00eda Bernal y Diego Luna.<\/p>\n<p>Durante los tres meses que dur\u00f3 la edici\u00f3n de este a\u00f1o, el evento recibi\u00f3 la visita de 101 mil personas en los 46 municipios y 10 delegaciones capitalinas, que integr\u00f3 la Gira.<\/p>\n<p>Planes.<\/p>\n<p>Como todo proyecto anual, Elena Fortes no s\u00f3lo piensa en los resultados que dio la edici\u00f3n anterior sino que ya prepara la pr\u00f3xima.<\/p>\n<p>En la conferencia de prensa, se\u00f1al\u00f3 que para el 2016 el inicio de actividades ser\u00e1 a fines de marzo y no enero, como ocurr\u00eda.<\/p>\n<p>Fortes y su equipo revalidaron, tambi\u00e9n, el plan llamado Ambulante Global, que de acuerdo con el proyecto deber\u00e1 celebrarse en Colombia, California y El Salvador, del 25 de agosto al 15 de noviembre.<\/p>\n<p>\u201cApenas se est\u00e1 definiendo los t\u00edtulos que ir\u00e1n\u201d, explic\u00f3 la directora, quien inform\u00f3 que la selecci\u00f3n a\u00fan no est\u00e1 terminada.<\/p>\n<p>\u201cYa lo daremos a conocer en su momento\u201d, apunt\u00f3 Fortes, quien, sin embargo s\u00ed resalt\u00f3 la importancia de que Ambulante se expanda.<\/p>\n","protected":false},"excerpt":{"rendered":"<p>La pr\u00f3xima Ley del Cine y Medios Audiovisuales, actualmente en proceso en el Senado de la Rep\u00fablica, debe tener un apartado espec\u00edfico para ayudar a documentales.<\/p>\n","protected":false},"author":93,"featured_media":0,"comment_status":"open","ping_status":"open","sticky":false,"template":"","format":"standard","meta":{"footnotes":""},"categories":[41],"tags":[],"class_list":["post-6315","post","type-post","status-publish","format-standard","hentry","category-arteria-cultural"],"_links":{"self":[{"href":"https:\/\/plazajuarez.mx\/historico\/wp-json\/wp\/v2\/posts\/6315","targetHints":{"allow":["GET"]}}],"collection":[{"href":"https:\/\/plazajuarez.mx\/historico\/wp-json\/wp\/v2\/posts"}],"about":[{"href":"https:\/\/plazajuarez.mx\/historico\/wp-json\/wp\/v2\/types\/post"}],"author":[{"embeddable":true,"href":"https:\/\/plazajuarez.mx\/historico\/wp-json\/wp\/v2\/users\/93"}],"replies":[{"embeddable":true,"href":"https:\/\/plazajuarez.mx\/historico\/wp-json\/wp\/v2\/comments?post=6315"}],"version-history":[{"count":0,"href":"https:\/\/plazajuarez.mx\/historico\/wp-json\/wp\/v2\/posts\/6315\/revisions"}],"wp:attachment":[{"href":"https:\/\/plazajuarez.mx\/historico\/wp-json\/wp\/v2\/media?parent=6315"}],"wp:term":[{"taxonomy":"category","embeddable":true,"href":"https:\/\/plazajuarez.mx\/historico\/wp-json\/wp\/v2\/categories?post=6315"},{"taxonomy":"post_tag","embeddable":true,"href":"https:\/\/plazajuarez.mx\/historico\/wp-json\/wp\/v2\/tags?post=6315"}],"curies":[{"name":"wp","href":"https:\/\/api.w.org\/{rel}","templated":true}]}}