{"id":6314,"date":"2015-06-08T05:00:00","date_gmt":"2015-06-08T05:00:00","guid":{"rendered":"http:\/\/plazajuarez.mx\/index\/index.php\/2015\/06\/08\/joshua-bell-recibe-aplausos-y-ovaciones\/"},"modified":"2015-06-08T05:00:00","modified_gmt":"2015-06-08T05:00:00","slug":"joshua-bell-recibe-aplausos-y-ovaciones","status":"publish","type":"post","link":"https:\/\/plazajuarez.mx\/historico\/joshua-bell-recibe-aplausos-y-ovaciones\/","title":{"rendered":"Joshua Bell recibe aplausos y ovaciones\u00a0\u00a0\u00a0"},"content":{"rendered":"<p>Entre un coro de aplausos y ovaciones que resonaron por toda la Sala Principal del Palacio de Bellas Artes, Joshua Bell y los m\u00fasicos integrantes de The Academy of St Martin and the Fields se presentaron la noche del s\u00e1bado, con lleno total.<\/p>\n<p>  <!--more-->  <\/p>\n<p>\u00a0<\/p>\n<p>Las barreras de edad de edad de los m\u00fasicos desaparecieron al momento en que Bell se postr\u00f3 al frente de la orquesta y debut\u00f3 formalmente en Bellas Artes como director de una orquesta sinf\u00f3nica.<\/p>\n<p>\u00a0<\/p>\n<p>Bell demostr\u00f3 al p\u00fablico por qu\u00e9 est\u00e1 a la altura para dirigir esta agrupaci\u00f3n, una de las m\u00e1s prestigiosas al tratarse de la orquesta de c\u00e1mara con mayor n\u00famero de grabaciones en el mundo, y por qu\u00e9 es la segunda persona encargada de dirigir a este grupo de m\u00fasicos, sucediendo a Neville Marriner, fundador de The Academy of St Martin and The Field.<\/p>\n<p>La presentaci\u00f3n dio inicio con la obertura de \u201cLas bodas de F\u00edgaro\u201d de Mozart y desde esa primera pieza, Bell se mostr\u00f3 en\u00e9rgico en su papel de director, sorprendiendo a los asistentes por su habilidad para moverse con naturalidad entre la faceta de violinista y la de director.<\/p>\n<p>Aunque en varias ocasiones su esencia de m\u00fasico parec\u00eda querer adue\u00f1arse de la funci\u00f3n, en ning\u00fan momento se lleg\u00f3 a percibir que ambas caras del artista mantuvieran una dualidad, sino que todo el tiempo las dos facetas se armonizaron y permitieron apreciar a un Bell que constru\u00eda una pieza de arte a partir de las notas emitidas por su viol\u00edn.<\/p>\n<p>Tras el intermedio, en la segunda parte, todo ruido fue extinguido al momento en que Bell se postr\u00f3 ante los m\u00fasicos para comenzar con la Sinfon\u00eda N\u00b0 3 de Beethoven. Ante la ejecuci\u00f3n, los m\u00fasicos tambi\u00e9n elogiaron a Joshua Bell, los violinistas agitaban su arco a modo de ovaci\u00f3n.<\/p>\n<p>La m\u00fasica logr\u00f3 de nueva cuenta universalizar las emociones humanas y dejar una profunda huella impregnada en la memoria de la sala de Bellas Artes.<\/p>\n","protected":false},"excerpt":{"rendered":"<p>Entre un coro de aplausos y ovaciones que resonaron por toda la Sala Principal del Palacio de Bellas Artes, Joshua Bell y los m\u00fasicos integrantes de The Academy of St Martin and the Fields se presentaron la noche del s\u00e1bado, con lleno total.<\/p>\n","protected":false},"author":93,"featured_media":0,"comment_status":"open","ping_status":"open","sticky":false,"template":"","format":"standard","meta":{"footnotes":""},"categories":[41],"tags":[],"class_list":["post-6314","post","type-post","status-publish","format-standard","hentry","category-arteria-cultural"],"_links":{"self":[{"href":"https:\/\/plazajuarez.mx\/historico\/wp-json\/wp\/v2\/posts\/6314","targetHints":{"allow":["GET"]}}],"collection":[{"href":"https:\/\/plazajuarez.mx\/historico\/wp-json\/wp\/v2\/posts"}],"about":[{"href":"https:\/\/plazajuarez.mx\/historico\/wp-json\/wp\/v2\/types\/post"}],"author":[{"embeddable":true,"href":"https:\/\/plazajuarez.mx\/historico\/wp-json\/wp\/v2\/users\/93"}],"replies":[{"embeddable":true,"href":"https:\/\/plazajuarez.mx\/historico\/wp-json\/wp\/v2\/comments?post=6314"}],"version-history":[{"count":0,"href":"https:\/\/plazajuarez.mx\/historico\/wp-json\/wp\/v2\/posts\/6314\/revisions"}],"wp:attachment":[{"href":"https:\/\/plazajuarez.mx\/historico\/wp-json\/wp\/v2\/media?parent=6314"}],"wp:term":[{"taxonomy":"category","embeddable":true,"href":"https:\/\/plazajuarez.mx\/historico\/wp-json\/wp\/v2\/categories?post=6314"},{"taxonomy":"post_tag","embeddable":true,"href":"https:\/\/plazajuarez.mx\/historico\/wp-json\/wp\/v2\/tags?post=6314"}],"curies":[{"name":"wp","href":"https:\/\/api.w.org\/{rel}","templated":true}]}}