{"id":6313,"date":"2015-06-08T05:00:00","date_gmt":"2015-06-08T05:00:00","guid":{"rendered":"http:\/\/plazajuarez.mx\/index\/index.php\/2015\/06\/08\/mostraran-los-rostros-detras-de-la-musica-mexicana\/"},"modified":"2015-06-08T05:00:00","modified_gmt":"2015-06-08T05:00:00","slug":"mostraran-los-rostros-detras-de-la-musica-mexicana","status":"publish","type":"post","link":"https:\/\/plazajuarez.mx\/historico\/mostraran-los-rostros-detras-de-la-musica-mexicana\/","title":{"rendered":"Mostrar\u00e1n los \u201crostros\u201d detr\u00e1s de la m\u00fasica mexicana\u00a0\u00a0"},"content":{"rendered":"<p>M\u00e1s de 30 millones de personas ser\u00e1 el p\u00fablico potencial de una exhibici\u00f3n para conocer el rostro de compositores mexicanos.<\/p>\n<p>  <!--more-->  <\/p>\n<p>\u00a0<\/p>\n<p>A partir de agosto, en la Terminal 1 del Aeropuerto Internacional de la Ciudad de M\u00e9xico se montar\u00e1 una colecci\u00f3n para mostrar a 70 autores que son desconocidos por el grueso de la poblaci\u00f3n.<\/p>\n<p>Dicha terminal registr\u00f3, durante el a\u00f1o pasado, 34.2 millones de visitantes, de acuerdo con cifras de las autoridades. La exposici\u00f3n es promovida por la Sociedad de Autores y Compositores que cumple su 70 aniversario.<\/p>\n<p>Jos\u00e9 Alfredo Jim\u00e9nez Jr. hijo del autor de \u201cEl jinete\u201d y \u201cElla\u201d, en su calidad de vocal de SACM (por sus siglas), explica: \u201cLa idea es que la gente conozca el rostro del compositor. No es el caso de mi pap\u00e1, porque hizo cine y televisi\u00f3n, pero muchos otros no son reconocidos\u201d.<\/p>\n<p>\u201cPor ejemplo, muchos cantan \u2018Cielito lindo\u2019, pero nadie sabe que es de Quirino; o \u2018M\u00e9xico lindo y querido\u2019, pero no tienen idea que es de Chucho Monge\u201d.<\/p>\n<p>Y detalla: \u201cSon 70 rostros de autores y 15 bustos que nos prestaron escultores como Ariel de la Pe\u00f1a; tenemos audios, ambientamos con programas que ha hecho la UNAM como uno de Manuel Esper\u00f3n, para que la gente los ubique\u201d.<\/p>\n<p>La exposici\u00f3n se encuentra actualmente en el Museo de las Culturas Populares de Toluca.<\/p>\n<p>Por su pap\u00e1.<\/p>\n<p>Jim\u00e9nez Jr. indica que prepara un gran festejo por los 90 a\u00f1os de su pap\u00e1, en 2016.<\/p>\n<p>Varias ideas, dice, est\u00e1n cuaj\u00e1ndose, entre ellas un d\u00eda dedicado al compositor en el Distrito Federal para emular lo que ocurre en Dolores Hidalgo, donde hay fiesta anual por cuatro d\u00edas.<\/p>\n<p>\u201cEstamos pensando muchas cosas, pero creo aqu\u00ed (la capital) no ha habido un reconocimiento, no del p\u00fablico, porque eso s\u00ed sucede, sino de otros m\u00e1s.<\/p>\n<p>\u201cQuiero hacer algo bonito, una tertulia, donde se vendan dulces mexicanos, algodones y todo el d\u00eda m\u00fasica de todos los g\u00e9neros a donde hemos entrado\u201d, indica.<\/p>\n","protected":false},"excerpt":{"rendered":"<p>M\u00e1s de 30 millones de personas ser\u00e1 el p\u00fablico potencial de una exhibici\u00f3n para conocer el rostro de compositores mexicanos.<\/p>\n","protected":false},"author":93,"featured_media":0,"comment_status":"open","ping_status":"open","sticky":false,"template":"","format":"standard","meta":{"footnotes":""},"categories":[41],"tags":[],"class_list":["post-6313","post","type-post","status-publish","format-standard","hentry","category-arteria-cultural"],"_links":{"self":[{"href":"https:\/\/plazajuarez.mx\/historico\/wp-json\/wp\/v2\/posts\/6313","targetHints":{"allow":["GET"]}}],"collection":[{"href":"https:\/\/plazajuarez.mx\/historico\/wp-json\/wp\/v2\/posts"}],"about":[{"href":"https:\/\/plazajuarez.mx\/historico\/wp-json\/wp\/v2\/types\/post"}],"author":[{"embeddable":true,"href":"https:\/\/plazajuarez.mx\/historico\/wp-json\/wp\/v2\/users\/93"}],"replies":[{"embeddable":true,"href":"https:\/\/plazajuarez.mx\/historico\/wp-json\/wp\/v2\/comments?post=6313"}],"version-history":[{"count":0,"href":"https:\/\/plazajuarez.mx\/historico\/wp-json\/wp\/v2\/posts\/6313\/revisions"}],"wp:attachment":[{"href":"https:\/\/plazajuarez.mx\/historico\/wp-json\/wp\/v2\/media?parent=6313"}],"wp:term":[{"taxonomy":"category","embeddable":true,"href":"https:\/\/plazajuarez.mx\/historico\/wp-json\/wp\/v2\/categories?post=6313"},{"taxonomy":"post_tag","embeddable":true,"href":"https:\/\/plazajuarez.mx\/historico\/wp-json\/wp\/v2\/tags?post=6313"}],"curies":[{"name":"wp","href":"https:\/\/api.w.org\/{rel}","templated":true}]}}