{"id":6312,"date":"2015-06-08T05:00:00","date_gmt":"2015-06-08T05:00:00","guid":{"rendered":"http:\/\/plazajuarez.mx\/index\/index.php\/2015\/06\/08\/plantean-que-filarmonica-deje-la-ollin-yoliztli\/"},"modified":"2015-06-08T05:00:00","modified_gmt":"2015-06-08T05:00:00","slug":"plantean-que-filarmonica-deje-la-ollin-yoliztli","status":"publish","type":"post","link":"https:\/\/plazajuarez.mx\/historico\/plantean-que-filarmonica-deje-la-ollin-yoliztli\/","title":{"rendered":"Plantean que filarm\u00f3nica deje la Ollin Yoliztli\u00a0\u00a0\u00a0\u00a0"},"content":{"rendered":"<p>La Orquesta Filarm\u00f3nica de la Ciudad de M\u00e9xico (OFCM) podr\u00eda mudarse de sede, de la Sala Silvestre Revueltas del Centro Cultural Ollin Yoliztli a la segunda secci\u00f3n del Bosque de Chapultepec, y elegir un nuevo director art\u00edstico.<\/p>\n<p>  <!--more-->  <\/p>\n<p>\u00a0<\/p>\n<p>Estos fueron dos de los temas que se plantearon este s\u00e1bado durante un encuentro que sostuvieron los m\u00fasicos con el secretario de Cultura, Eduardo V\u00e1zquez Mart\u00edn, en la sede de la orquesta.<\/p>\n<p>De acuerdo con integrantes de la OFCM, una de las m\u00e1s importantes del pa\u00eds, en la reuni\u00f3n le informaron al secretario que exist\u00eda una votaci\u00f3n interna con la que se plante\u00f3 si se deseaba o no continuar trabajando con Jos\u00e9 Are\u00e1n. El resultado fue de 55 votos a favor de un cambio y 3 en contra.<\/p>\n<p>Al menos tres de los m\u00fasicos le plantearon que consideraban que los resultados de la decisi\u00f3n obedec\u00edan a que consideraban que Are\u00e1n no cumpl\u00eda con el nivel para seguir al frente de la orquesta.<\/p>\n<p>Desde que Are\u00e1n fue designado como director art\u00edstico por la anterior secretaria de Cultura, Luc\u00eda Garc\u00eda Noriega, en enero de 2013, hab\u00eda trascendido que exist\u00eda molestia en la agrupaci\u00f3n porque no fueron tomados en cuenta en la elecci\u00f3n.<\/p>\n<p>Los mecanismos para elegir a un nuevo director ser\u00e1n tratados en los siguientes d\u00edas, as\u00ed como los detalles del proyecto de la nueva sede.<\/p>\n<p>En febrero pasado ocurri\u00f3 un accidente en el interior de la Sala Silvestre Revueltas. Una l\u00e1mpara explot\u00f3 y lesion\u00f3 al m\u00fasico Kevin Tiboche, quien tuvo que alejarse de los escenarios durante cuatro meses.<\/p>\n<p>Ante el accidente se emprendieron acciones de rehabilitaci\u00f3n y remodelaci\u00f3n del espacio que, seg\u00fan Are\u00e1n, concluir\u00edan en agosto pr\u00f3ximo, a tiempo para que la OFCM volviera tras las vacaciones de verano.<\/p>\n<p>Sin embargo, desde el accidente los m\u00fasicos manifestaron que al no haber garant\u00edas de seguridad para ellos y para el p\u00fablico, no volver\u00edan a su sede, y trascendi\u00f3 que tambi\u00e9n exist\u00edan posibilidades de buscar otra sede.<\/p>\n<p>Los m\u00fasicos ensayan en el lobby de la Sala y se han presentado en diversos espacios como el Conservatorio Nacional de M\u00fasica.<\/p>\n<p>El resto de la temporada de la Orquesta se lleva a cabo en el Centro Nacional de las Artes.<\/p>\n<p>Este 7 de junio la OFCM ofrecer\u00e1 un programa \u00edntegro con m\u00fasica del compositor noruego Edvard Grieg, en el que interpretar\u00e1 Suite orquestal de Sigurd Jorsalfa, Concierto para piano y la Sinfon\u00eda en do menor; con la participaci\u00f3n del pianista H\u00e1kon Austbo y el director hu\u00e9sped Bjarte Engeset, tambi\u00e9n noruegos.<\/p>\n<p>El s\u00e1bado 20 y domingo 21 de junio, la Filarm\u00f3nica ofrecer\u00e1 Preludio, Aria y Giga, de Manuel Blancafort; Concierto en tango, de Miguel del \u00c1guila (estreno en M\u00e9xico), y el Concierto para piano, de Enrique Granados (estreno en Am\u00e9rica); con el violonchelista integrante de la OFCM C\u00e9sar M. Bourguet y el pianista Melani Mestre, bajo la direcci\u00f3n del maestro Jos\u00e9 Are\u00e1n.<\/p>\n<p>Y para cerrar el segundo segmento de la Temporada 2015, el 27 y 28 de junio la Orquesta ejecutar\u00e1 Vals triste, de Jean Sibelius; Prometeo, Poema del fuego, de Alexander Scriabin, y la Sinfon\u00eda no.5, de Carl Nielsen, con el pianista mexicano Gonzalo Guti\u00e9rrez como solista y Jos\u00e9 Are\u00e1n en la direcci\u00f3n.<\/p>\n","protected":false},"excerpt":{"rendered":"<p>La Orquesta Filarm\u00f3nica de la Ciudad de M\u00e9xico (OFCM) podr\u00eda mudarse de sede, de la Sala Silvestre Revueltas del Centro Cultural Ollin Yoliztli a la segunda secci\u00f3n del Bosque de Chapultepec, y elegir un nuevo director art\u00edstico.<\/p>\n","protected":false},"author":93,"featured_media":0,"comment_status":"open","ping_status":"open","sticky":false,"template":"","format":"standard","meta":{"footnotes":""},"categories":[41],"tags":[],"class_list":["post-6312","post","type-post","status-publish","format-standard","hentry","category-arteria-cultural"],"_links":{"self":[{"href":"https:\/\/plazajuarez.mx\/historico\/wp-json\/wp\/v2\/posts\/6312","targetHints":{"allow":["GET"]}}],"collection":[{"href":"https:\/\/plazajuarez.mx\/historico\/wp-json\/wp\/v2\/posts"}],"about":[{"href":"https:\/\/plazajuarez.mx\/historico\/wp-json\/wp\/v2\/types\/post"}],"author":[{"embeddable":true,"href":"https:\/\/plazajuarez.mx\/historico\/wp-json\/wp\/v2\/users\/93"}],"replies":[{"embeddable":true,"href":"https:\/\/plazajuarez.mx\/historico\/wp-json\/wp\/v2\/comments?post=6312"}],"version-history":[{"count":0,"href":"https:\/\/plazajuarez.mx\/historico\/wp-json\/wp\/v2\/posts\/6312\/revisions"}],"wp:attachment":[{"href":"https:\/\/plazajuarez.mx\/historico\/wp-json\/wp\/v2\/media?parent=6312"}],"wp:term":[{"taxonomy":"category","embeddable":true,"href":"https:\/\/plazajuarez.mx\/historico\/wp-json\/wp\/v2\/categories?post=6312"},{"taxonomy":"post_tag","embeddable":true,"href":"https:\/\/plazajuarez.mx\/historico\/wp-json\/wp\/v2\/tags?post=6312"}],"curies":[{"name":"wp","href":"https:\/\/api.w.org\/{rel}","templated":true}]}}