{"id":6310,"date":"2015-06-08T05:00:00","date_gmt":"2015-06-08T05:00:00","guid":{"rendered":"http:\/\/plazajuarez.mx\/index\/index.php\/2015\/06\/08\/futbol-nacional-116\/"},"modified":"2015-06-08T05:00:00","modified_gmt":"2015-06-08T05:00:00","slug":"futbol-nacional-116","status":"publish","type":"post","link":"https:\/\/plazajuarez.mx\/historico\/futbol-nacional-116\/","title":{"rendered":"Futbol Nacional"},"content":{"rendered":"<p>PREVIO A LA COPA AM\u00c9RICA<\/p>\n<p><strong>Derrota sirve de mucho seg\u00fan el \u201cPiojo\u201d<\/strong><\/p>\n<p>\u00a0<\/p>\n<p>  <!--more-->  <\/p>\n<p>\u00a0<\/p>\n<p>Para el DT Miguel Herrera, el descalabro de M\u00e9xico en manos de Brasil, es de las derrotas que dejan lecci\u00f3n y que servir\u00e1 para la Copa Am\u00e9rica en Chile, donde cualquier error puede ser muy costoso.<\/p>\n<p>\u00a0<\/p>\n<p>\u201cNos sirve bastante, el equipo vino a jugar de t\u00fa a t\u00fa, cuando mejor est\u00e1bamos viene la equivocaci\u00f3n, tenemos que erradicar, nos cuesta partidos, salimos con la idea de sacar el resultado, creo que el equipo estaba bien parado, cuando le quer\u00edamos quitar la pelota lo empezamos a hacer, pero vinieron dos errores\u201d, expres\u00f3 Herrera.<\/p>\n<p>\u00a0<\/p>\n<p>Pese al resultado y de cara a la justa continental, el estratega aplaudi\u00f3 la determinaci\u00f3n que ve en su plantel.<\/p>\n<p>\u00a0<\/p>\n<p>\u201cMe deja muy bien, la situaci\u00f3n de que veo a un equipo dispuesto, con una gran determinaci\u00f3n, para poder competirle a los rivales, no bajan los brazos, pelean todo el partido, pelean todo el tiempo\u201d.<\/p>\n<p>Para el estratega, siempre ser\u00e1 bueno, que M\u00e9xico tenga rivales como el que tuvieron este domingo, sobre todo por lo que representa Brasil.<\/p>\n<p>\u00a0<\/p>\n<p>\u201cA Brasil siempre se la va a exigir, as\u00ed como a M\u00e9xico ganar los partidos y buscar jugar contra estos equipos, agradecemos siempre a la Comisi\u00f3n de Selecciones Nacionales que nos consiga este tipo de partidos, ojal\u00e1 siempre pudi\u00e9ramos jugar contra ellos, desafortunadamente a veces se puede, a veces no, y cuando se puede y te invitan a M\u00e9xico hasta se quejan\u201d.<\/p>\n<p>***<\/p>\n<p><strong>Corona acepta terrible actuaci\u00f3n ante Brasil <\/strong><\/p>\n<p>\u00a0<\/p>\n<p>Sereno, pero consciente que debe corregir detalles, el portero, Jes\u00fas Corona, siente que por un espacio de tiempo, jugaron bien ante Brasil, pero hubo descuidos que les costaron las anotaciones.<\/p>\n<p>\u00a0<\/p>\n<p>\u201cEn los primeros 25 o 30 minutos se hizo un buen partido, con buena posesi\u00f3n, intensidad, buen juego y de ah\u00ed hubo dos jugadas muy similares en las cuales nos descuidamos, en la primera en la que la pelota entra por mi palo, cosa que es de concepto y en la cual asumo mi responsabilidad, pero hay que sacarle provecho a cada uno de los momentos y mejorar ahora que viene el inicio de Copa Am\u00e9rica\u201d.<\/p>\n<p>\u00a0<\/p>\n<p>El arquero mexicano, sabe que conforme pasan los juegos, los entrenamientos pueden percibir si les tocar\u00e1 ser parte de los duelos como titulares.<\/p>\n<p>\u00a0<\/p>\n<p>\u201cS\u00ed hay momentos en los que uno no sabe a ciencia cierta si vaya a iniciar o no, pero sabemos que lo que est\u00e1 en nosotros es trabajar y dejar la decisi\u00f3n al t\u00e9cnico nacional. Es una ilusi\u00f3n muy grande, hemos trabajado bien, muy duro d\u00eda a d\u00eda y esperemos que se nos pueda dar\u201d.<\/p>\n<p>\u00a0<\/p>\n<p>Finalmente, Corona espera estar listo para cuando el t\u00e9cnico lo requiera y m\u00e1s en torneos cortos, como el que se les avecina la siguiente semana.<\/p>\n<p>\u00a0<\/p>\n<p>\u00a0<\/p>\n<p>\u201cDeben de alcanzar, yo me imagino que Miguel ya tiene en mente el once inicial con el cual debe de trabajar intensamente durante estos d\u00edas, previo al inicio, y creo que en funcionamiento podemos hacer las cosas mejor\u201d.<\/p>\n<p>***<\/p>\n<p>\u00a0<\/p>\n<p><strong>\u201cPiojo\u201d se defiende tras sus publicaciones en twitter<\/strong><\/p>\n<p><strong>\u00a0<\/strong><\/p>\n<p>Luego de involucrarse en una pol\u00e9mica por hacer proselitismo a favor del Partido Verde en plena veda electoral y d\u00eda de elecciones en M\u00e9xico, el Director T\u00e9cnico de la Selecci\u00f3n Nacional, Miguel Herrera, trat\u00f3 de justificar sus publicaciones en Twitter, pero se enred\u00f3 y enoj\u00f3 porque se le cuestion\u00f3 sobre ese tema.<\/p>\n<p>\u00a0<\/p>\n<p>Durante la conferencia de prensa posterior al partido donde Brasil derrot\u00f3 2\u20110 al Tricolor en Sao Paulo, el &#8220;Piojo&#8221; Herrera respondi\u00f3 de esta manera al cuestionamiento sobre sus tuits de esta ma\u00f1ana.<\/p>\n<p>\u00a0<\/p>\n<p>&#8220;Qu\u00e9 l\u00e1stima que seas periodista deportivo y preguntes primero por lo social y luego lo deportivo, pero bueno, te contesto al rev\u00e9s, yo que soy deportivo y luego soy un ser humano, luego un ciudadano mexicano normal, con expresiones que se pueden hacer sentir en una red social. Me da tristeza que un tipo de deportes te pregunte primero de social, que anteponga una pregunta social a la deportiva.&#8221;, declar\u00f3.<\/p>\n<p>\u00a0<\/p>\n<p>Se le indic\u00f3 que exist\u00eda la veda electoral y el proselitismo estaba prohibido por parte del Instituto Nacional Electoral.<\/p>\n<p>\u00a0<\/p>\n<p>&#8220;Y eso qu\u00e9 tiene que ver, que el INE decida, no pasa absolutamente nada. Tu medio se llama Mediotiempo.com, es deporte. De ese tema (tuits proselitistas) pues ya lo definiremos con la gente que tengamos ac\u00e1 (Direcci\u00f3n de Selecciones Nacionales), es una situaci\u00f3n personal, simplemente&#8221;, manifest\u00f3 con molestia.<\/p>\n<p>\u00a0<\/p>\n<p>Ante la insistencia, m\u00e1s adelante Herrera se decidi\u00f3 a profundizar en el caso.<\/p>\n<p>\u00a0<\/p>\n<p>&#8220;Le dije a la gente que votara, y tambi\u00e9n les dije &#8216;ustedes salen a buscar a su preferido, salen a buscar al que ustedes m\u00e1s simpaticen&#8217;, yo dije que yo iba por ellos (Verdes) nada m\u00e1s, no dije &#8216;vengan todos, s\u00edganme&#8217;.<\/p>\n<p>\u00a0<\/p>\n","protected":false},"excerpt":{"rendered":"<p>PREVIO A LA COPA AM\u00c9RICA Derrota sirve de mucho seg\u00fan el \u201cPiojo\u201d \u00a0<\/p>\n","protected":false},"author":93,"featured_media":0,"comment_status":"open","ping_status":"open","sticky":false,"template":"","format":"standard","meta":{"footnotes":""},"categories":[39],"tags":[],"class_list":["post-6310","post","type-post","status-publish","format-standard","hentry","category-deportiva"],"_links":{"self":[{"href":"https:\/\/plazajuarez.mx\/historico\/wp-json\/wp\/v2\/posts\/6310","targetHints":{"allow":["GET"]}}],"collection":[{"href":"https:\/\/plazajuarez.mx\/historico\/wp-json\/wp\/v2\/posts"}],"about":[{"href":"https:\/\/plazajuarez.mx\/historico\/wp-json\/wp\/v2\/types\/post"}],"author":[{"embeddable":true,"href":"https:\/\/plazajuarez.mx\/historico\/wp-json\/wp\/v2\/users\/93"}],"replies":[{"embeddable":true,"href":"https:\/\/plazajuarez.mx\/historico\/wp-json\/wp\/v2\/comments?post=6310"}],"version-history":[{"count":0,"href":"https:\/\/plazajuarez.mx\/historico\/wp-json\/wp\/v2\/posts\/6310\/revisions"}],"wp:attachment":[{"href":"https:\/\/plazajuarez.mx\/historico\/wp-json\/wp\/v2\/media?parent=6310"}],"wp:term":[{"taxonomy":"category","embeddable":true,"href":"https:\/\/plazajuarez.mx\/historico\/wp-json\/wp\/v2\/categories?post=6310"},{"taxonomy":"post_tag","embeddable":true,"href":"https:\/\/plazajuarez.mx\/historico\/wp-json\/wp\/v2\/tags?post=6310"}],"curies":[{"name":"wp","href":"https:\/\/api.w.org\/{rel}","templated":true}]}}