{"id":6309,"date":"2015-06-08T05:00:00","date_gmt":"2015-06-08T05:00:00","guid":{"rendered":"http:\/\/plazajuarez.mx\/index\/index.php\/2015\/06\/08\/futbol-internacional-78\/"},"modified":"2015-06-08T05:00:00","modified_gmt":"2015-06-08T05:00:00","slug":"futbol-internacional-78","status":"publish","type":"post","link":"https:\/\/plazajuarez.mx\/historico\/futbol-internacional-78\/","title":{"rendered":"Futbol Internacional"},"content":{"rendered":"<p><strong>Vidal; nuevo jugador del Barcelona<\/strong><\/p>\n<p><strong>\u00a0<\/strong><\/p>\n<p>El FC Barcelona celebr\u00f3 la conquista del triplete acordando con el Sevilla el fichaje de Aleix Vidal, quien ser\u00e1 azulgrana las pr\u00f3ximas cinco temporadas al aceptar el club andaluz la propuesta del Bar\u00e7a, que le pagar\u00e1 un traspaso de 15 millones de euros que podr\u00edan alcanzar los 25 seg\u00fan objetivos conseguidos.<\/p>\n<p>\u00a0<\/p>\n<p>  <!--more-->  <\/p>\n<p>\u00a0<\/p>\n<p>El fichaje del polivalente futbolista catal\u00e1n del Sevilla ser\u00e1 el \u00fanico que cierre el Barcelona antes de la dimisi\u00f3n de Bartomeu para acudir a las elecciones y ser\u00e1 probablemente presentado este lunes. Aunque desde el club se ha intentado separar el tema, su llegada se contempla como sustituto de Dani Alves, cuya permanencia en el Camp Nou es a d\u00eda de hoy una quimera.<\/p>\n<p>\u00a0<\/p>\n<p>Vidal, en un principio, no podr\u00e1 ser alineado por el club azulgrana hasta el mes de enero de 2016 debido a la sanci\u00f3n que la FIFA impuso al Bar\u00e7a pero la posibilidad de regresar al club en el que jug\u00f3 una temporada de infantil le han decidido a aceptar la propuesta, por lo que entrenar\u00e1 con el resto de sus nuevos compa\u00f1eros sin posibilidad de jugar ning\u00fan partido hasta la apertura del pr\u00f3ximo mercado de invierno.<\/p>\n<p>\u00a0<\/p>\n<p>La incorporaci\u00f3n de Aleix Vidal se contempla para ocupar la plaza de lateral derecho, independientemente de lo que vaya a ocurrir con Dani Alves. El catal\u00e1n, extremo reconvertido a lateral por Unai Emery en el Sevilla (tal como hizo el entrenador vasco con Jordi Alba en el Valencia), fich\u00f3 hace un a\u00f1o (el 15 de junio de 2014) por el Sevilla desde el Almer\u00eda, en el que destac\u00f3 despu\u00e9s de una carrera que comenz\u00f3 en los dos grandes del f\u00fatbol catal\u00e1n.<\/p>\n<p>\u00a0<\/p>\n<p>El nuevo jugador del Bar\u00e7a ya perteneci\u00f3 al club azulgrana en 2001, en edad infantil y curiosamente compartiendo equipo con Jordi Alba. Sin embargo debi\u00f3 abandonar el equipo y se traslad\u00f3 a las categor\u00edas inferiores de la Damm primero y del Espanyol despu\u00e9s, que le cedi\u00f3 al Panthakrikos de Grecia antes de darle la baja en 2009.<\/p>\n<p>\u00a0<\/p>\n<p>Aleix Vidal, que cumplir\u00e1 26 a\u00f1os a finales de agosto, jug\u00f3 posteriormente en el N\u00e0stic de Tarragona, Pobla de Mafumet y Mallorca, hasta que en 2012 pas\u00f3 al Almer\u00eda y su carrera repunt\u00f3 hasta el punto de que el Sevilla pag\u00f3 2,4 millones de euros por su fichaje el a\u00f1o pasado.<\/p>\n<p><strong>***<\/strong><\/p>\n<p><strong>\u201dChicharito\u201d Hern\u00e1ndez se pasea en el Gran Premio de Canad\u00e1<\/strong><\/p>\n<p>\u00a0<\/p>\n<p>El delantero mexicano del Real Madrid, Javier Hern\u00e1ndez, presumi\u00f3 su visita a Montreal, Canad\u00e1 donde fue testigo del Gran Premio de Canad\u00e1 de la F\u00f3rmula Uno.<\/p>\n<p>\u00a0<\/p>\n<p>Hern\u00e1ndez, que espera llamado tricolor para la Copa Oro en julio pr\u00f3ximo, aprovech\u00f3 sus vacaciones en compa\u00f1\u00eda de su novia, la periodista espa\u00f1ola Luc\u00eda Villal\u00f3n, para pasear entre los talleres de las escuder\u00edas de la F1, en el circuito de Montreal.<\/p>\n<p>\u00a0<\/p>\n<p>\u201cChicharito\u201d no dej\u00f3 pasar la oportunidad para visitar a estrellas del automovilismo como el espa\u00f1ol Fernando Alonso. De igual modo, no pudieron faltar las fotograf\u00edas y el saludo con sus compatriotas Sergio \u201cCheco\u201d P\u00e9rez, piloto de Force India, y Esteban Guti\u00e9rrez, piloto de pruebas de Ferrari.<\/p>\n<p>\u00a0<\/p>\n<p>***<\/p>\n<p>\u00a0<\/p>\n<p><strong>Blatter se mete en otro \u201cproblem\u00f3n\u201d <\/strong><\/p>\n<p>\u00a0<\/p>\n<p>Un correo electr\u00f3nico de 2007 muestra que Joseph Blatter, presidente de la FIFA, y el entonces presidente sudafricano Thabo Mbeki tuvieron &#8220;discusiones&#8221; acerca de un pago de 10 millones de d\u00f3lares que presuntamente fueron a manos de directivos de futbol corruptos como compensaci\u00f3n por su apoyo a la candidatura de ese pa\u00eds como organizador del Mundial 2010.<\/p>\n<p>\u00a0<\/p>\n<p>El peri\u00f3dico South Africa Sunday Times inform\u00f3 que el correo electr\u00f3nico fue enviado por el secretario general de la FIFA, el franc\u00e9s Jerome Valcke, al gobierno de Sud\u00e1frica para preguntar cu\u00e1ndo se har\u00e1 la transferencia de 10 millones de d\u00f3lares.<\/p>\n<p>\u00a0<\/p>\n<p>El peri\u00f3dico detall\u00f3 que en el correo electr\u00f3nico, que no fue publicado, Valcke escribi\u00f3 que la cifra de 10 millones &#8220;tiene como base las discusiones entre FIFA y el gobierno sudafricano, y tambi\u00e9n entre nuestro presidente (Blatter) y el presidente Thabo Mbeki&#8221;.<\/p>\n<p>\u00a0<\/p>\n<p>Autoridades estadounidenses presumen en su investigaci\u00f3n sobre el mundo del f\u00fatbol que esos 10 millones se entregaron a Jack Warner, quien actualmente est\u00e1 detenido, y otros dos altos cargos de FIFA por votar para que Sud\u00e1frica fuera elegida como organizadora de la Copa del Mundo.<\/p>\n<p>\u00a0<\/p>\n<p>De cuentas de la FIFA se transfirieron tres pagos a otras controladas por Warner a principios de 2008, inform\u00f3 el Departamento de Justicia de Estados Unidos.<\/p>\n<p>\u00a0<\/p>\n<p>FIFA y el gobierno de Sud\u00e1frica han dicho que el dinero fue donado en forma leg\u00edtima a trav\u00e9s de la FIFA para promover el desarrollo del f\u00fatbol en el Caribe, la regi\u00f3n que Warner controlaba. La oficina de Mbeki neg\u00f3 cualquier participaci\u00f3n en sobornos en un comunicado que se dio a conocer cuando estall\u00f3 el esc\u00e1ndalo.<\/p>\n<p>\u00a0<\/p>\n<p>La FIFA no respondi\u00f3 de inmediato una solicitud por escrito de The Associated Press para que hicieran comentarios en torno al correo que presuntamente envi\u00f3 Valcke. La vocera de Mbeki, Mukoni Ratshitanga, dijo a la AP que el comunicado citado negaba cualquier participaci\u00f3n del gobierno en entrega de sobornos cuando Mbeki era presidente.<\/p>\n","protected":false},"excerpt":{"rendered":"<p>Vidal; nuevo jugador del Barcelona \u00a0 El FC Barcelona celebr\u00f3 la conquista del triplete acordando con el Sevilla el fichaje de Aleix Vidal, quien ser\u00e1 azulgrana las pr\u00f3ximas cinco temporadas al aceptar el club andaluz la propuesta del Bar\u00e7a, que le pagar\u00e1 un traspaso de 15 millones de euros que podr\u00edan alcanzar los 25 seg\u00fan [&hellip;]<\/p>\n","protected":false},"author":93,"featured_media":0,"comment_status":"open","ping_status":"open","sticky":false,"template":"","format":"standard","meta":{"footnotes":""},"categories":[39],"tags":[],"class_list":["post-6309","post","type-post","status-publish","format-standard","hentry","category-deportiva"],"_links":{"self":[{"href":"https:\/\/plazajuarez.mx\/historico\/wp-json\/wp\/v2\/posts\/6309","targetHints":{"allow":["GET"]}}],"collection":[{"href":"https:\/\/plazajuarez.mx\/historico\/wp-json\/wp\/v2\/posts"}],"about":[{"href":"https:\/\/plazajuarez.mx\/historico\/wp-json\/wp\/v2\/types\/post"}],"author":[{"embeddable":true,"href":"https:\/\/plazajuarez.mx\/historico\/wp-json\/wp\/v2\/users\/93"}],"replies":[{"embeddable":true,"href":"https:\/\/plazajuarez.mx\/historico\/wp-json\/wp\/v2\/comments?post=6309"}],"version-history":[{"count":0,"href":"https:\/\/plazajuarez.mx\/historico\/wp-json\/wp\/v2\/posts\/6309\/revisions"}],"wp:attachment":[{"href":"https:\/\/plazajuarez.mx\/historico\/wp-json\/wp\/v2\/media?parent=6309"}],"wp:term":[{"taxonomy":"category","embeddable":true,"href":"https:\/\/plazajuarez.mx\/historico\/wp-json\/wp\/v2\/categories?post=6309"},{"taxonomy":"post_tag","embeddable":true,"href":"https:\/\/plazajuarez.mx\/historico\/wp-json\/wp\/v2\/tags?post=6309"}],"curies":[{"name":"wp","href":"https:\/\/api.w.org\/{rel}","templated":true}]}}