{"id":6307,"date":"2015-06-08T05:00:00","date_gmt":"2015-06-08T05:00:00","guid":{"rendered":"http:\/\/plazajuarez.mx\/index\/index.php\/2015\/06\/08\/futbol-nacional-115\/"},"modified":"2015-06-08T05:00:00","modified_gmt":"2015-06-08T05:00:00","slug":"futbol-nacional-115","status":"publish","type":"post","link":"https:\/\/plazajuarez.mx\/historico\/futbol-nacional-115\/","title":{"rendered":"Futbol Nacional"},"content":{"rendered":"<p>RUMBO A TORONTO 2015<\/p>\n<p><strong>M\u00e9xico tiene buena actuaci\u00f3n en\u00a0 Santo Domingo<\/strong><\/p>\n<p>  <!--more-->  <\/p>\n<p>\u00a0<\/p>\n<p>\u00a0<\/p>\n<p>La selecci\u00f3n mexicana de b\u00e1dminton que compiti\u00f3 en el Santo Domingo Open 2015 sum\u00f3 ayer\u00a0 una medalla dorada por conducto de la dupla integrada por Job Castillo y Lino Mu\u00f1oz y una presea argenta a cargo de Haramara Gait\u00e1n en las finales de ayer\u00a0 y cerr\u00f3 con cuatro metales su \u00faltimo torneo de preparaci\u00f3n rumbo a los Juegos Panamericanos Toronto 2015.<\/p>\n<p>\u00a0<\/p>\n<p>Los seleccionados cosecharon adem\u00e1s dos metales de bronce por conducto de Cynthia Gonz\u00e1lez y Haramara Gait\u00e1n en dobles y Lino Mu\u00f1oz y Cynthia Gonz\u00e1lez en dobles mixtos.<\/p>\n<p>\u00a0<\/p>\n<p>El capitalino Mu\u00f1oz y el jalisciense Castillo cumplieron su objetivo y cosecharon su segundo metal \u00e1ureo en su presentaci\u00f3n como dupla internacional al derrotar por 21\u201118, 24\u201126 y 21\u201117, a la dupla peruana conformada por el sembrado n\u00famero uno del torneo Mario Cuba y Mart\u00edn del Valle.<\/p>\n<p>\u00a0<\/p>\n<p>Por su parte, la jalisciense Haramara Gait\u00e1n logr\u00f3 el subcampeonato del certamen tras caer en la final por 18\u201121, 21\u201112 y 19\u201121 ante la austriaca Elisabeth Baldauf, sembrada 3 del torneo.<\/p>\n<p>\u00a0<\/p>\n<p>La capitalina Cynthia Gonz\u00e1lez cosech\u00f3 dos preseas de bronce en el certamen, la primera en dobles, al lado de Haramara Gait\u00e1n luego de caer ante la sembrada 2 Katherine Winder y Luz Mar\u00eda Zornoza de Per\u00fa y la segunda en dobles mixtos, con Lino Mu\u00f1oz, luego de tropezar en semifinales contra los peruanos Mario Cuba y Katherine Winder.<\/p>\n<p>\u00a0<\/p>\n<p>Luego de este torneo los badmintonistas continuar\u00e1n con su preparaci\u00f3n en Monterrey, Nuevo Le\u00f3n.<\/p>\n<p><strong>****<\/strong><\/p>\n<p><strong>\u00a0<\/strong><\/p>\n<p>CAMPEONATO MUNDIAL JUVENIL<\/p>\n<p><strong>Listos para afinar punter\u00eda<\/strong><\/p>\n<p><strong>\u00a0<\/strong><\/p>\n<p>El equipo juvenil de tiro con arco se encuentra listo para disputar el Campeonato Mundial Juvenil de la especialidad, el cual se celebrar\u00e1 del 8 al 14 de junio en la ciudad estadounidense de Yankton, Dakota del Sur.<\/p>\n<p>\u00a0<\/p>\n<p>Los arqueros fueron elegidos a trav\u00e9s del selectivo realizado en el marco de la Olimpiada Nacional en Nuevo Le\u00f3n durante el mes de mayo, a trav\u00e9s del cual se definieron los 24 arqueros, tres por modalidad, categor\u00eda y rama que potar\u00e1n los colores de M\u00e9xico en la justa del orbe.<\/p>\n<p>\u00a0<\/p>\n<p>\u201cEstoy muy feliz, entren\u00e9 especialmente para ir a este Mundial. Nos seleccionaron con el resultado de la Olimpiada Nacional, hicimos una ronda todos contra todos las ocho mejores y de ah\u00ed sacaron a cuatro para el selectivo. Estoy muy contenta por haber avanzado en las diferentes etapas y haber quedado en la selecci\u00f3n en los resultados finales\u201d, expres\u00f3 la sudcaliforniana Viviana Paulina D\u00edaz Gudi\u00f1o, ganadora de tres oros, as\u00ed como de una plata y un bronce, durante la Olimpiada Nacional.<\/p>\n<p>\u00a0<\/p>\n<p><strong>\u00a0<\/strong><\/p>\n<p><strong>\u00a0<\/strong><\/p>\n<p><strong><br \/> <\/strong><\/p>\n<p>Asimismo, la arquera sudcaliforniana se\u00f1al\u00f3 que en la que ser\u00e1 su primera participaci\u00f3n internacional buscar\u00e1 poner en pr\u00e1ctica la experiencia que ha adquirido durante el a\u00f1o que ha entrenado en el Centro Nacional de Desarrollo de Talentos Deportivos y Alto Rendimiento (CNAR).<\/p>\n<p>\u00a0<\/p>\n<p>\u201cQuiero quedar en un buen lugar en el Mundial y sentirme c\u00f3moda con lo que he aprendido aqu\u00ed. He mejorado much\u00edsimo porque el a\u00f1o pasado qued\u00e9 en cuarto y \u00e9ste en primero; sub\u00ed mucho mis puntuaciones y mi t\u00e9cnica cambi\u00f3 para bien\u201d.<\/p>\n<p><strong>***<\/strong><\/p>\n<p><strong>\u00a0<\/strong><\/p>\n<p><strong>ON promete grandes figuras del deporte<\/strong><\/p>\n<p><strong>\u00a0<\/strong><\/p>\n<p>La Olimpiada Nacional cumpli\u00f3 un a\u00f1o m\u00e1s como m\u00e1ximo semillero del deporte amateur mexicano y su vig\u00e9sima edici\u00f3n ayud\u00f3 a consolidar a distintos j\u00f3venes que apuntan a ser las pr\u00f3ximas estrellas.<\/p>\n<p>\u00a0<\/p>\n<p>Caso particular el de las nadadoras Mar\u00eda Fernanda Gonz\u00e1lez y la juvenil Natalia Jaspeado, quienes han formado e impulsado sus carreras en la Olimpiada Nacional y que ahora se encuentran en la antesala de su participaci\u00f3n en los Juegos Panamericanos Toronto 2015.<\/p>\n<p>\u00a0<\/p>\n<p>As\u00ed como el de la medallista ol\u00edmpica Alejandra Orozco y la veracruzana Dolores Hern\u00e1ndez, reina del trampol\u00edn de tres metros a nivel nacional, a quienes llen\u00f3 de experiencia para afrontar sus futuros compromiso. Ambas clavadistas ya piensan en la justa panamericana. Ambas se despidieron de su etapa juvenil en el certamen.<\/p>\n<p>\u00a0<\/p>\n<p>Otra de las figuras que engalanaron el evento que tuvo como sede principal la ciudad de Monterrey, Nuevo Le\u00f3n, fue la voleibolista nayarita Seomara Saiz, jugadora que milita en tierras alemanas, pero que fue impulsada por esta competencia y le ayud\u00f3 a mostrar su nivel a\u00f1o con a\u00f1o.<\/p>\n<p>\u00a0<\/p>\n<p>As\u00ed como diversos atletas se despidieron de este certamen tambi\u00e9n hubo aquellos que demostraron tener el futuro del deporte en sus manos como el clavadista Osmar Olvera, ganador de seis metales dorados y heredero de la exitosa escuela jalisciense de clavados.<\/p>\n<p>\u00a0<\/p>\n<p>Adem\u00e1s de Guillermo Rub\u00e9n Cruz, m\u00e1ximo ganador de la justa deportiva con 11 metales dorados, que logr\u00f3 en la alberca del Centro Acu\u00e1tico Ol\u00edmpico Universitaria a sus 14 a\u00f1os de edad. El mexiquense quiere convertirse en el segundo mexicano en lograr el oro en unos Juegos Ol\u00edmpicos.<\/p>\n<p><strong>\u00a0<\/strong><\/p>\n<p>Otro de los momentos destacados en esta Olimpiada Nacional fue el ver competir al racquetbolista Gerardo Franco, joven potosino que estuvo a punto de perder la vida hace tres a\u00f1os en un accidente con una puerta de vidrio, pero que sali\u00f3 adelante por la pasi\u00f3n y amor que siente por su deporte. Pese a los problemas que tiene en ambos brazos, Franco ha destacado tanto a nivel nacional como internacional.<\/p>\n<p><strong>\u00a0<\/strong><\/p>\n<p><strong>\u00a0<\/strong><\/p>\n<p><strong>\u00a0<\/strong><\/p>\n<p>\u00a0<\/p>\n","protected":false},"excerpt":{"rendered":"<p>RUMBO A TORONTO 2015 M\u00e9xico tiene buena actuaci\u00f3n en\u00a0 Santo Domingo<\/p>\n","protected":false},"author":93,"featured_media":0,"comment_status":"open","ping_status":"open","sticky":false,"template":"","format":"standard","meta":{"footnotes":""},"categories":[39],"tags":[],"class_list":["post-6307","post","type-post","status-publish","format-standard","hentry","category-deportiva"],"_links":{"self":[{"href":"https:\/\/plazajuarez.mx\/historico\/wp-json\/wp\/v2\/posts\/6307","targetHints":{"allow":["GET"]}}],"collection":[{"href":"https:\/\/plazajuarez.mx\/historico\/wp-json\/wp\/v2\/posts"}],"about":[{"href":"https:\/\/plazajuarez.mx\/historico\/wp-json\/wp\/v2\/types\/post"}],"author":[{"embeddable":true,"href":"https:\/\/plazajuarez.mx\/historico\/wp-json\/wp\/v2\/users\/93"}],"replies":[{"embeddable":true,"href":"https:\/\/plazajuarez.mx\/historico\/wp-json\/wp\/v2\/comments?post=6307"}],"version-history":[{"count":0,"href":"https:\/\/plazajuarez.mx\/historico\/wp-json\/wp\/v2\/posts\/6307\/revisions"}],"wp:attachment":[{"href":"https:\/\/plazajuarez.mx\/historico\/wp-json\/wp\/v2\/media?parent=6307"}],"wp:term":[{"taxonomy":"category","embeddable":true,"href":"https:\/\/plazajuarez.mx\/historico\/wp-json\/wp\/v2\/categories?post=6307"},{"taxonomy":"post_tag","embeddable":true,"href":"https:\/\/plazajuarez.mx\/historico\/wp-json\/wp\/v2\/tags?post=6307"}],"curies":[{"name":"wp","href":"https:\/\/api.w.org\/{rel}","templated":true}]}}