{"id":6305,"date":"2015-06-08T05:00:00","date_gmt":"2015-06-08T05:00:00","guid":{"rendered":"http:\/\/plazajuarez.mx\/index\/index.php\/2015\/06\/08\/indignante-e-inmoral-el-apoyo-en-redes-a-pvem-analistas\/"},"modified":"2015-06-08T05:00:00","modified_gmt":"2015-06-08T05:00:00","slug":"indignante-e-inmoral-el-apoyo-en-redes-a-pvem-analistas","status":"publish","type":"post","link":"https:\/\/plazajuarez.mx\/historico\/indignante-e-inmoral-el-apoyo-en-redes-a-pvem-analistas\/","title":{"rendered":"Indignante e inmoral el apoyo  en redes a PVEM: analistas"},"content":{"rendered":"<p>M\u00e9xico, D.F.- Como algo &#8220;indignante&#8221;, &#8220;sinverg\u00fcenza&#8221; e &#8220;inmoral&#8221;, calificaron analistas pol\u00edticos el actuar de famosos al enviar mensajes por Twitter en apoyo al Partido Verde Ecologista de M\u00e9xico (PVEM) en plena jornada de votaci\u00f3n.<\/p>\n<p>  <!--more-->  <\/p>\n<p>\u00a0<\/p>\n<p>\u00a0<\/p>\n<p>En la segunda mesa de an\u00e1lisis de EL UNIVERSAL TV, Denise Maerker, Leonardo Curzio y Mario Campos, coincidieron que el actuar del Partido Verde deja mucho que desear, ya que una vez m\u00e1s viola la ley electoral.<\/p>\n<p>\u00a0<\/p>\n<p>Denise Maerker indic\u00f3 que le enoja el actuar el que ciertos personajes del \u00e1mbito art\u00edstico hayan aceptado el pago para mandar mensajes en redes sociales, con la clara intenci\u00f3n de influir en la gente al emitir su voto.<\/p>\n<p>\u00a0<\/p>\n<p>&#8220;Es evidente lo que pas\u00f3, est\u00e1 claro que un grupo de personas aceptaron mandar mensajes por Twitter despu\u00e9s de un pago. Lo que me indigna es que la gente est\u00e9 dispuesta para hacer esto, que el voto sea lo mismo que un producto. Me lastima, me entristece que exista esa disposici\u00f3n de un partido a convertirse en un gran corruptor y de otras muchas personas a avaluar en tan poco lo significa la importancia de decir por quien votar, me da rabia y me enoja&#8221;, indic\u00f3.<\/p>\n<p>\u00a0<\/p>\n<p>Para Leonado Curzio, la forma de evitar ese tipo de actos no debe ser el regular las redes sociales, sino que la gente tome conciencia y valore este tipo de pr\u00e1cticas por parte de este partido. &#8220;Es in\u00fatil poner l\u00edmites a Internet, y parece irracional que pretendamos regularlo. Espero que los balances de los electores digan &#8220;es evidente que este partido tiene un enfoque absolutamente mercantilista de las cosas&#8221;, que el tema del medio ambiente no les importa y que ciertamente lo que opine una hermos\u00edsima presentadora o el entrenador de f\u00fatbol, es absolutamente irrelevante y que ojal\u00e1 genere una indignaci\u00f3n de quienes ellos esperan corromper. Esas pr\u00e1cticas son demasiado burdas en un pueblo cada vez m\u00e1s informado&#8221;.<\/p>\n<p>\u00a0<\/p>\n<p>Los articulistas de EL UNIVERSAL celebraron que las elecciones se realizarn de manera pac\u00edfica, a pesar de que en algunos lugares, como en Tixtla, Guerrero, se hayan impedido las elecciones.<\/p>\n<p>\u00a0<\/p>\n<p>Para Mario Campos, la forma de actuar de algunos grupos como la CNTE, de impedir la instalaci\u00f3n de casillas, refleja un acto autoritario, ya que se viola el derecho de la sociedad a elegir a sus autoridades.<\/p>\n<p>\u00a0<\/p>\n<p>&#8220;Es el gesto m\u00e1s autoritario, el que t\u00fa le impidas a una persona decidir si anula, si se abstiene o si vota, s\u00f3lo porque tu decidiste que no ten\u00eda que haber elecciones en un lugar, me parece grave. En la mayor parte del pa\u00eds, los procesos se siguen resolviendo por la v\u00eda de las elecciones, no por la v\u00eda de aniquilar al adversario. Lo que s\u00ed me preocupa es que en estas zonas del pa\u00eds que quiz\u00e1 no alcanzamos a verlas todas, donde hay de pronto grandes electores que deciden qui\u00e9n puede hacer campa\u00f1a y qui\u00e9n no, o qui\u00e9n puede ser candidato y qui\u00e9n no&#8221;.<\/p>\n<p>\u00a0<\/p>\n<p>Para Denise Maerker, el escenario en el que se desarroll\u00f3 la jornada electoral no fue el que d\u00edas antes se estaba previendo, ya que en general, el proceso electoral transcurre con tranquilidad en todo el pa\u00eds.<\/p>\n<p>\u00a0<\/p>\n<p>&#8220;El viernes hubo una \u00faltima demostraci\u00f3n de fuerza que hicieron los de la Coordinadora Nacional de Trabajadores de la Educaci\u00f3n (CNTE). Lo hicieron en Oaxaca, Michoac\u00e1n, Chiapas y b\u00e1sicamente el mensaje era &#8220;si nosotros no queremos, vamos a impedirlas&#8221;. No ocurri\u00f3 ese escenario que era realmente temible&#8221;, consider\u00f3 la articulista. \u00a0(Agencias)<\/p>\n","protected":false},"excerpt":{"rendered":"<p>M\u00e9xico, D.F.- Como algo &#8220;indignante&#8221;, &#8220;sinverg\u00fcenza&#8221; e &#8220;inmoral&#8221;, calificaron analistas pol\u00edticos el actuar de famosos al enviar mensajes por Twitter en apoyo al Partido Verde Ecologista de M\u00e9xico (PVEM) en plena jornada de votaci\u00f3n.<\/p>\n","protected":false},"author":93,"featured_media":0,"comment_status":"open","ping_status":"open","sticky":false,"template":"","format":"standard","meta":{"footnotes":""},"categories":[36],"tags":[],"class_list":["post-6305","post","type-post","status-publish","format-standard","hentry","category-nacion"],"_links":{"self":[{"href":"https:\/\/plazajuarez.mx\/historico\/wp-json\/wp\/v2\/posts\/6305","targetHints":{"allow":["GET"]}}],"collection":[{"href":"https:\/\/plazajuarez.mx\/historico\/wp-json\/wp\/v2\/posts"}],"about":[{"href":"https:\/\/plazajuarez.mx\/historico\/wp-json\/wp\/v2\/types\/post"}],"author":[{"embeddable":true,"href":"https:\/\/plazajuarez.mx\/historico\/wp-json\/wp\/v2\/users\/93"}],"replies":[{"embeddable":true,"href":"https:\/\/plazajuarez.mx\/historico\/wp-json\/wp\/v2\/comments?post=6305"}],"version-history":[{"count":0,"href":"https:\/\/plazajuarez.mx\/historico\/wp-json\/wp\/v2\/posts\/6305\/revisions"}],"wp:attachment":[{"href":"https:\/\/plazajuarez.mx\/historico\/wp-json\/wp\/v2\/media?parent=6305"}],"wp:term":[{"taxonomy":"category","embeddable":true,"href":"https:\/\/plazajuarez.mx\/historico\/wp-json\/wp\/v2\/categories?post=6305"},{"taxonomy":"post_tag","embeddable":true,"href":"https:\/\/plazajuarez.mx\/historico\/wp-json\/wp\/v2\/tags?post=6305"}],"curies":[{"name":"wp","href":"https:\/\/api.w.org\/{rel}","templated":true}]}}