{"id":6303,"date":"2015-06-08T05:00:00","date_gmt":"2015-06-08T05:00:00","guid":{"rendered":"http:\/\/plazajuarez.mx\/index\/index.php\/2015\/06\/08\/baja-participacion-en-comicios-por-acusaciones-de-corrupcion-coparmex\/"},"modified":"2015-06-08T05:00:00","modified_gmt":"2015-06-08T05:00:00","slug":"baja-participacion-en-comicios-por-acusaciones-de-corrupcion-coparmex","status":"publish","type":"post","link":"https:\/\/plazajuarez.mx\/historico\/baja-participacion-en-comicios-por-acusaciones-de-corrupcion-coparmex\/","title":{"rendered":"Baja participaci\u00f3n en comicios, por  acusaciones de corrupci\u00f3n: Coparmex"},"content":{"rendered":"<p>M\u00e9xico, DF.- La Coparmex Consider\u00f3 que la poca participaci\u00f3n ciudadana en estos comicios se debi\u00f3 a que a lo largo de las campa\u00f1as los partidos pol\u00edticos intercambiaron acusaciones de corrupci\u00f3n y de violaci\u00f3n de la normativa electoral, lo que coloc\u00f3 al elector ante la disyuntiva de elegir no a la mejor opci\u00f3n sino a la menos mala.<\/p>\n<p>  <!--more-->  <\/p>\n<p>\u00a0<\/p>\n<p>\u201cLa gente sali\u00f3 a votar, no en un numero que hubi\u00e9ramos querido, pero s\u00ed sali\u00f3 a votar y se llevaron a cabo las elecciones en todo el pa\u00eds\u201d, dijo en conferencia telef\u00f3nica el presidente del organismo Juan Pablo Casta\u00f1\u00f3n, quien felicit\u00f3 tanto al Instituto Nacional Electoral como a las autoridades locales que organizaron los comicios. (Agencias)<\/p>\n","protected":false},"excerpt":{"rendered":"<p>M\u00e9xico, DF.- La Coparmex Consider\u00f3 que la poca participaci\u00f3n ciudadana en estos comicios se debi\u00f3 a que a lo largo de las campa\u00f1as los partidos pol\u00edticos intercambiaron acusaciones de corrupci\u00f3n y de violaci\u00f3n de la normativa electoral, lo que coloc\u00f3 al elector ante la disyuntiva de elegir no a la mejor opci\u00f3n sino a la [&hellip;]<\/p>\n","protected":false},"author":93,"featured_media":0,"comment_status":"open","ping_status":"open","sticky":false,"template":"","format":"standard","meta":{"footnotes":""},"categories":[36],"tags":[],"class_list":["post-6303","post","type-post","status-publish","format-standard","hentry","category-nacion"],"_links":{"self":[{"href":"https:\/\/plazajuarez.mx\/historico\/wp-json\/wp\/v2\/posts\/6303","targetHints":{"allow":["GET"]}}],"collection":[{"href":"https:\/\/plazajuarez.mx\/historico\/wp-json\/wp\/v2\/posts"}],"about":[{"href":"https:\/\/plazajuarez.mx\/historico\/wp-json\/wp\/v2\/types\/post"}],"author":[{"embeddable":true,"href":"https:\/\/plazajuarez.mx\/historico\/wp-json\/wp\/v2\/users\/93"}],"replies":[{"embeddable":true,"href":"https:\/\/plazajuarez.mx\/historico\/wp-json\/wp\/v2\/comments?post=6303"}],"version-history":[{"count":0,"href":"https:\/\/plazajuarez.mx\/historico\/wp-json\/wp\/v2\/posts\/6303\/revisions"}],"wp:attachment":[{"href":"https:\/\/plazajuarez.mx\/historico\/wp-json\/wp\/v2\/media?parent=6303"}],"wp:term":[{"taxonomy":"category","embeddable":true,"href":"https:\/\/plazajuarez.mx\/historico\/wp-json\/wp\/v2\/categories?post=6303"},{"taxonomy":"post_tag","embeddable":true,"href":"https:\/\/plazajuarez.mx\/historico\/wp-json\/wp\/v2\/tags?post=6303"}],"curies":[{"name":"wp","href":"https:\/\/api.w.org\/{rel}","templated":true}]}}