{"id":6301,"date":"2015-06-08T05:00:00","date_gmt":"2015-06-08T05:00:00","guid":{"rendered":"http:\/\/plazajuarez.mx\/index\/index.php\/2015\/06\/08\/sonrisas-y-lagrimas-en-las-urnas-kurdas\/"},"modified":"2015-06-08T05:00:00","modified_gmt":"2015-06-08T05:00:00","slug":"sonrisas-y-lagrimas-en-las-urnas-kurdas","status":"publish","type":"post","link":"https:\/\/plazajuarez.mx\/historico\/sonrisas-y-lagrimas-en-las-urnas-kurdas\/","title":{"rendered":"Sonrisas y l\u00e1grimas en las urnas kurdas"},"content":{"rendered":"<p>Diyarbakir, la capital sentimental de los kurdo turcos, custodi\u00f3 la llave del futuro de Turqu\u00eda en las legislativas de ayer. Esta ciudad del sureste del pa\u00eds es el basti\u00f3n del Partido Democr\u00e1tico de los Pueblos (HDP), formaci\u00f3n que decidir\u00e1 si Erdogan tiene v\u00eda libre a sus ansias autocr\u00e1ticas.<\/p>\n<p>  <!--more-->  <\/p>\n<p>\u00a0<\/p>\n<p>\u00a0<\/p>\n<p>Los 923 mil vecinos de Diyarbakir votan entre la ilusi\u00f3n y la indignaci\u00f3n. Ilusi\u00f3n, porque, si el HDP supera el prohibitivo 10% de voto nacional, entrar\u00e1 en el parlamento. Indignaci\u00f3n, porque el recuerdo de la matanza en el mitin del HDP del viernes pasado, que dej\u00f3 cuatro muertos y numerosos amputados, duele.<\/p>\n<p>\u00a0<\/p>\n<p>Muchos de los heridos en aquel atentado, una doble explosi\u00f3n de origen desconocido, han acudido a votar con el cuerpo vendado y, algunos, en silla de ruedas. La mayor\u00eda reconoce tener un compromiso con la victoria del &#8220;Partido&#8221;, t\u00e9rmino que usan para referirse al izquierdista pro kurdo HDP, heredero de formaciones independentistas kurdas.<\/p>\n<p>\u00a0<\/p>\n<p>En el colegio Ziya G\u00f6kalp, dentro de los bas\u00e1lticos muros medievales, Selahatin se relajaba tras votar. &#8220;Ganaremos contra toda las presiones, ganaremos para todo el pueblo, turcos y kurdos&#8221;. \u00c9l, como casi todos con quien se habla aqu\u00ed, ha votado al HDP. El discurso de la coalici\u00f3n de &#8220;formar una uni\u00f3n en la diversidad turca&#8221;, destinado a ganarse al votante no kurdo y de izquierdas del oeste de Turqu\u00eda, ha calado.<\/p>\n<p>\u00a0<\/p>\n<p>En Diyarbakir las colas para votar son largas. A media ma\u00f1ana ya lo hab\u00eda hecho, en algunas urnas, el 50% de inscritos. 54 millones de ciudadanos votan desde las ocho de la ma\u00f1ana en las 174.000 urnas dispuestas en Turqu\u00eda. Los colegios electorales cerraron a las cinco de la tarde. Se espera que en unas horas se sepan los primeros resultados. (Agencias)<\/p>\n","protected":false},"excerpt":{"rendered":"<p>Diyarbakir, la capital sentimental de los kurdo turcos, custodi\u00f3 la llave del futuro de Turqu\u00eda en las legislativas de ayer. Esta ciudad del sureste del pa\u00eds es el basti\u00f3n del Partido Democr\u00e1tico de los Pueblos (HDP), formaci\u00f3n que decidir\u00e1 si Erdogan tiene v\u00eda libre a sus ansias autocr\u00e1ticas.<\/p>\n","protected":false},"author":93,"featured_media":0,"comment_status":"open","ping_status":"open","sticky":false,"template":"","format":"standard","meta":{"footnotes":""},"categories":[31],"tags":[],"class_list":["post-6301","post","type-post","status-publish","format-standard","hentry","category-orbe"],"_links":{"self":[{"href":"https:\/\/plazajuarez.mx\/historico\/wp-json\/wp\/v2\/posts\/6301","targetHints":{"allow":["GET"]}}],"collection":[{"href":"https:\/\/plazajuarez.mx\/historico\/wp-json\/wp\/v2\/posts"}],"about":[{"href":"https:\/\/plazajuarez.mx\/historico\/wp-json\/wp\/v2\/types\/post"}],"author":[{"embeddable":true,"href":"https:\/\/plazajuarez.mx\/historico\/wp-json\/wp\/v2\/users\/93"}],"replies":[{"embeddable":true,"href":"https:\/\/plazajuarez.mx\/historico\/wp-json\/wp\/v2\/comments?post=6301"}],"version-history":[{"count":0,"href":"https:\/\/plazajuarez.mx\/historico\/wp-json\/wp\/v2\/posts\/6301\/revisions"}],"wp:attachment":[{"href":"https:\/\/plazajuarez.mx\/historico\/wp-json\/wp\/v2\/media?parent=6301"}],"wp:term":[{"taxonomy":"category","embeddable":true,"href":"https:\/\/plazajuarez.mx\/historico\/wp-json\/wp\/v2\/categories?post=6301"},{"taxonomy":"post_tag","embeddable":true,"href":"https:\/\/plazajuarez.mx\/historico\/wp-json\/wp\/v2\/tags?post=6301"}],"curies":[{"name":"wp","href":"https:\/\/api.w.org\/{rel}","templated":true}]}}