{"id":6300,"date":"2015-06-08T05:00:00","date_gmt":"2015-06-08T05:00:00","guid":{"rendered":"http:\/\/plazajuarez.mx\/index\/index.php\/2015\/06\/08\/erdogan-el-rey-esta-desnudo\/"},"modified":"2015-06-08T05:00:00","modified_gmt":"2015-06-08T05:00:00","slug":"erdogan-el-rey-esta-desnudo","status":"publish","type":"post","link":"https:\/\/plazajuarez.mx\/historico\/erdogan-el-rey-esta-desnudo\/","title":{"rendered":"Erdogan, el rey est\u00e1 desnudo"},"content":{"rendered":"<ul>\n<li><strong><strong>El islamista moderado que moderniz\u00f3 Turqu\u00eda anda embarcado en una cruzada megal\u00f3mana para convertir el pa\u00eds en presidencialista<\/strong><\/strong> <!--more--> \u00a0<\/li>\n<\/ul>\n<p>Estambul.- La carrera del presidente turco, Recep Tayyip Erdogan (Estambul, 1954), durante los \u00faltimos veinte a\u00f1os ha sido imparable: fue el alcalde de Estambul que llev\u00f3 los servicios p\u00fablicos a los barrios pobres; el pol\u00edtico islamista que gan\u00f3 el pulso a los militares y sus veleidades golpistas; el hombre de Estado que abri\u00f3 las negociaciones de adhesi\u00f3n a la Uni\u00f3n Europea; el primer ministro que encabez\u00f3 el periodo m\u00e1s estable de la democracia turca y que, tras ello, fue elegido jefe de Estado. Cualquiera en su lugar se retirar\u00eda a disfrutar de los laureles de la gloria.<\/p>\n<p>\u00a0<\/p>\n<p>Pero eso, a Erdogan, no le basta. Quiere convertir Turqu\u00eda en un r\u00e9gimen presidencialista encabezado por \u00e9l mismo -para lo que necesita que su partido obtenga una amplia mayor\u00eda en las elecciones de ayer- y as\u00ed seguir modelando el pa\u00eds a su imagen y semejanza. Por ello no duda en proclamar en p\u00fablico sus opiniones: cu\u00e1ntos hijos deben tener los turcos (\u201cAl menos tres\u201d), qu\u00e9 peri\u00f3dicos deben o no ser le\u00eddos o por qu\u00e9 Twitter y otras redes sociales deben ser censuradas (\u201cSon la peor amenaza para la sociedad\u201d).<\/p>\n<p>\u00a0<\/p>\n<p>A ojos de sus seguidores es un l\u00edder como no ha habido otro igual, lo adoran, lo aclaman. Media Turqu\u00eda lo ama. Sin embargo, la otra media lo odia. \u00bfC\u00f3mo ha podido un l\u00edder, cuyo \u201cislamismo moderado\u201d era usado por Occidente de modelo para todo Oriente Medio, llegar a esta situaci\u00f3n?<\/p>\n<p>\u00a0<\/p>\n<p>\u201cAl principio, el Partido de la Justicia y el Desarrollo (AKP, la formaci\u00f3n islamista que gobierna en Turqu\u00eda desde 2002) se dirig\u00eda en equipo. Pero Erdogan ha ido eliminando a todos los que pod\u00edan rivalizar con \u00e9l. O se han ido, o han sido relegados a puestos secundarios. Y con ello ha construido un sistema en el que es cada vez m\u00e1s y m\u00e1s poderoso. Pero tambi\u00e9n en el que est\u00e1 cada vez m\u00e1s solo\u201d, arguye Cengiz Aktar, polit\u00f3logo y antiguo defensor del AKP. (Agencias)<\/p>\n","protected":false},"excerpt":{"rendered":"<p>El islamista moderado que moderniz\u00f3 Turqu\u00eda anda embarcado en una cruzada megal\u00f3mana para convertir el pa\u00eds en presidencialista<\/p>\n","protected":false},"author":93,"featured_media":0,"comment_status":"open","ping_status":"open","sticky":false,"template":"","format":"standard","meta":{"footnotes":""},"categories":[31],"tags":[],"class_list":["post-6300","post","type-post","status-publish","format-standard","hentry","category-orbe"],"_links":{"self":[{"href":"https:\/\/plazajuarez.mx\/historico\/wp-json\/wp\/v2\/posts\/6300","targetHints":{"allow":["GET"]}}],"collection":[{"href":"https:\/\/plazajuarez.mx\/historico\/wp-json\/wp\/v2\/posts"}],"about":[{"href":"https:\/\/plazajuarez.mx\/historico\/wp-json\/wp\/v2\/types\/post"}],"author":[{"embeddable":true,"href":"https:\/\/plazajuarez.mx\/historico\/wp-json\/wp\/v2\/users\/93"}],"replies":[{"embeddable":true,"href":"https:\/\/plazajuarez.mx\/historico\/wp-json\/wp\/v2\/comments?post=6300"}],"version-history":[{"count":0,"href":"https:\/\/plazajuarez.mx\/historico\/wp-json\/wp\/v2\/posts\/6300\/revisions"}],"wp:attachment":[{"href":"https:\/\/plazajuarez.mx\/historico\/wp-json\/wp\/v2\/media?parent=6300"}],"wp:term":[{"taxonomy":"category","embeddable":true,"href":"https:\/\/plazajuarez.mx\/historico\/wp-json\/wp\/v2\/categories?post=6300"},{"taxonomy":"post_tag","embeddable":true,"href":"https:\/\/plazajuarez.mx\/historico\/wp-json\/wp\/v2\/tags?post=6300"}],"curies":[{"name":"wp","href":"https:\/\/api.w.org\/{rel}","templated":true}]}}