{"id":6298,"date":"2015-06-08T05:00:00","date_gmt":"2015-06-08T05:00:00","guid":{"rendered":"http:\/\/plazajuarez.mx\/index\/index.php\/2015\/06\/08\/obama-insta-al-g7-a-hacer-frente-a-la-agresion-rusa-en-ucrania\/"},"modified":"2015-06-08T05:00:00","modified_gmt":"2015-06-08T05:00:00","slug":"obama-insta-al-g7-a-hacer-frente-a-la-agresion-rusa-en-ucrania","status":"publish","type":"post","link":"https:\/\/plazajuarez.mx\/historico\/obama-insta-al-g7-a-hacer-frente-a-la-agresion-rusa-en-ucrania\/","title":{"rendered":"Obama insta al G7 a hacer frente  a la &#8216;agresi\u00f3n rusa en Ucrania&#8217;"},"content":{"rendered":"<p>El presidente de EU, Barack Obama, ha instado a los pa\u00edses que conforman el G7 (Alemania, Canad\u00e1, EEUU, Francia, Italia, Jap\u00f3n y Reino Unido) a hacer frente a &#8220;la agresi\u00f3n rusa&#8221; que se est\u00e1 produciendo &#8220;en Ucrania&#8221;.<\/p>\n<p>  <!--more-->  <\/p>\n<p>\u00a0<\/p>\n<p>Obama hizo estas declaraciones horas antes de que se inaugurara la cumbre del G7 que se celebra en la localidad alemana de Elmau. El mandatario estadounidense visit\u00f3 la localidad alpina de Kr\u00fcn donde mantuvo \u00a0un encuentro con la canciller alemana, Angela Merkel.<\/p>\n<p>\u00a0<\/p>\n<p>En ausencia del presidente ruso, Vladimir Putin, que fue excluido hace dos a\u00f1os de esta cumbre por la participaci\u00f3n rusa en el conflicto ucraniano, el ejecutivo de EU insiste en la necesidad de mantener las sanciones impuestas contra Mosc\u00fa, acusados de apoyar la rebeli\u00f3n separatista. \u00a0(Agencias)<\/p>\n","protected":false},"excerpt":{"rendered":"<p>El presidente de EU, Barack Obama, ha instado a los pa\u00edses que conforman el G7 (Alemania, Canad\u00e1, EEUU, Francia, Italia, Jap\u00f3n y Reino Unido) a hacer frente a &#8220;la agresi\u00f3n rusa&#8221; que se est\u00e1 produciendo &#8220;en Ucrania&#8221;.<\/p>\n","protected":false},"author":93,"featured_media":0,"comment_status":"open","ping_status":"open","sticky":false,"template":"","format":"standard","meta":{"footnotes":""},"categories":[31],"tags":[],"class_list":["post-6298","post","type-post","status-publish","format-standard","hentry","category-orbe"],"_links":{"self":[{"href":"https:\/\/plazajuarez.mx\/historico\/wp-json\/wp\/v2\/posts\/6298","targetHints":{"allow":["GET"]}}],"collection":[{"href":"https:\/\/plazajuarez.mx\/historico\/wp-json\/wp\/v2\/posts"}],"about":[{"href":"https:\/\/plazajuarez.mx\/historico\/wp-json\/wp\/v2\/types\/post"}],"author":[{"embeddable":true,"href":"https:\/\/plazajuarez.mx\/historico\/wp-json\/wp\/v2\/users\/93"}],"replies":[{"embeddable":true,"href":"https:\/\/plazajuarez.mx\/historico\/wp-json\/wp\/v2\/comments?post=6298"}],"version-history":[{"count":0,"href":"https:\/\/plazajuarez.mx\/historico\/wp-json\/wp\/v2\/posts\/6298\/revisions"}],"wp:attachment":[{"href":"https:\/\/plazajuarez.mx\/historico\/wp-json\/wp\/v2\/media?parent=6298"}],"wp:term":[{"taxonomy":"category","embeddable":true,"href":"https:\/\/plazajuarez.mx\/historico\/wp-json\/wp\/v2\/categories?post=6298"},{"taxonomy":"post_tag","embeddable":true,"href":"https:\/\/plazajuarez.mx\/historico\/wp-json\/wp\/v2\/tags?post=6298"}],"curies":[{"name":"wp","href":"https:\/\/api.w.org\/{rel}","templated":true}]}}