{"id":62752,"date":"2018-05-04T05:09:49","date_gmt":"2018-05-04T05:09:49","guid":{"rendered":"http:\/\/plazajuarez.mx\/index\/index.php\/2018\/05\/04\/en-menos-de-tres-minutos-un-comando-armado-roba-en-una-joyeria\/"},"modified":"2018-05-04T05:09:49","modified_gmt":"2018-05-04T05:09:49","slug":"en-menos-de-tres-minutos-un-comando-armado-roba-en-una-joyeria","status":"publish","type":"post","link":"https:\/\/plazajuarez.mx\/historico\/en-menos-de-tres-minutos-un-comando-armado-roba-en-una-joyeria\/","title":{"rendered":"EN MENOS DE TRES MINUTOS, UN COMANDO ARMADO ROBA EN UNA JOYER\u00cdA"},"content":{"rendered":"<p>EN EL ESTADO DE M\u00c9XICO<\/p>\n<p>  <!--more-->  <\/p>\n<p>Luego de sustraer los objetos que se encontraban en dos vitrinas los hombres armados se dieron a la fuga a bordo de una camioneta Voyager sobre la avenida Central, que es la vialidad donde se encuentra la plaza comercial, sin dejar rastro alguno de su paradero<br \/>Un comando armado de entre 10 a 15 hombres, robaron mediante asalto una joyer\u00eda ubicada en el interior de Plaza Arag\u00f3n y huyeron con el bot\u00edn en un veh\u00edculo que los esperaba, sin que se haya registrado lesionados, informaron fuentes policiales. <br \/>El atrac\u00f3 se registr\u00f3 antes de las 20:00 horas en el establecimiento con raz\u00f3n social Bizarro, al que llegaron varios hombres que amagaron con armas a los empleados que se encontraban en el sitio. <br \/>Se dijo que los delincuentes rompieron los vidrios de dos vitrinas y sustrajeron la mercanc\u00eda que guardaron en bolsas.<br \/>Seg\u00fan algunos testigos, mientras varios hombres comet\u00edan el hurto en el negocio, en los pasillos de la plaza otros c\u00f3mplices vigilaban para que no se acercaran los vigilantes privados. <br \/>En menos de tres minutos los ladrones cometieron el robo, de acuerdo a testimonios que obtuvo la Polic\u00eda Municipal. <br \/>Luego de sustraer los objetos que se encontraban en dos vitrinas los hombres escaparon en una camioneta Voyager sobre la avenida Central, que es la vialidad donde se encuentra la plaza comercial. <br \/>Los clientes que se percataron de lo que ocurr\u00eda se alejaron de la zona donde se cometi\u00f3 el atraco. <br \/>Al lugar arribaron elementos de la polic\u00eda estatal y municipal, pero no lograron detener a los responsables. El monto de lo robado no fue revelado.<\/p>\n","protected":false},"excerpt":{"rendered":"<p>EN EL ESTADO DE M\u00c9XICO<\/p>\n","protected":false},"author":93,"featured_media":0,"comment_status":"open","ping_status":"open","sticky":false,"template":"","format":"standard","meta":{"footnotes":""},"categories":[37],"tags":[],"class_list":["post-62752","post","type-post","status-publish","format-standard","hentry","category-barandilla"],"_links":{"self":[{"href":"https:\/\/plazajuarez.mx\/historico\/wp-json\/wp\/v2\/posts\/62752","targetHints":{"allow":["GET"]}}],"collection":[{"href":"https:\/\/plazajuarez.mx\/historico\/wp-json\/wp\/v2\/posts"}],"about":[{"href":"https:\/\/plazajuarez.mx\/historico\/wp-json\/wp\/v2\/types\/post"}],"author":[{"embeddable":true,"href":"https:\/\/plazajuarez.mx\/historico\/wp-json\/wp\/v2\/users\/93"}],"replies":[{"embeddable":true,"href":"https:\/\/plazajuarez.mx\/historico\/wp-json\/wp\/v2\/comments?post=62752"}],"version-history":[{"count":0,"href":"https:\/\/plazajuarez.mx\/historico\/wp-json\/wp\/v2\/posts\/62752\/revisions"}],"wp:attachment":[{"href":"https:\/\/plazajuarez.mx\/historico\/wp-json\/wp\/v2\/media?parent=62752"}],"wp:term":[{"taxonomy":"category","embeddable":true,"href":"https:\/\/plazajuarez.mx\/historico\/wp-json\/wp\/v2\/categories?post=62752"},{"taxonomy":"post_tag","embeddable":true,"href":"https:\/\/plazajuarez.mx\/historico\/wp-json\/wp\/v2\/tags?post=62752"}],"curies":[{"name":"wp","href":"https:\/\/api.w.org\/{rel}","templated":true}]}}