{"id":62686,"date":"2018-05-03T13:52:09","date_gmt":"2018-05-03T13:52:09","guid":{"rendered":"http:\/\/plazajuarez.mx\/index\/index.php\/2018\/05\/03\/futbol-nacional-1051\/"},"modified":"2018-05-03T13:52:09","modified_gmt":"2018-05-03T13:52:09","slug":"futbol-nacional-1051","status":"publish","type":"post","link":"https:\/\/plazajuarez.mx\/historico\/futbol-nacional-1051\/","title":{"rendered":"Futbol Nacional"},"content":{"rendered":"<p>#LIGA \u00a0MX<br \/>Fracaso, si Toluca no es campe\u00f3n<br \/>\u00a0\u00a0 \u00a0\u2022\u00a0\u00a0 \u00a0Afirm\u00f3 que tienen muchas &#8220;posibilidades, entramos muy bien, cerramos de la mejor manera. Coronarse con el t\u00edtulo es importante para lo que hemos hecho en los \u00faltimos torneos con Hern\u00e1n [Cristante, director t\u00e9cnico],\u2028<\/p>\n<p>  <!--more-->  <\/p>\n<p>Antonio R\u00edos, volante del Toluca, acept\u00f3 que ser\u00eda un fracaso que los Diablos Rojos sean incapaces de conseguir el t\u00edtulo del Clausura 2018, luego de que ocuparon el primer sitio de la clasificaci\u00f3n en la fase regular.\u2028&#8221;El primer objetivo fue clasificar y despu\u00e9s buscar el campeonato, igual si no se consigue podr\u00eda ser un fracaso por no conseguir el t\u00edtulo, pero el torneo que hemos hecho va de la mano, tenemos que cerrar de la mejor manera&#8221;, dijo a su llegada a Morelia, donde este d\u00eda jugar\u00e1n el partido de ida por los cuartos de final contra los Monarcas, dirigidos por Roberto Hern\u00e1ndez.\u2028Pese a ello, descart\u00f3 que exista una mayor presi\u00f3n en el seno del equipo por levantar la copa.\u2028&#8221;No hay presi\u00f3n, para m\u00ed y para el grupo entrar en primer lugar es estar bien an\u00edmicamente, eso te motiva para seguir avanzando de fase&#8221;, apunt\u00f3.\u2028Afirm\u00f3 que tienen muchas &#8220;posibilidades, entramos muy bien, cerramos de la mejor manera. Coronarse con el t\u00edtulo es importante para lo que hemos hecho en los \u00faltimos torneos con Hern\u00e1n [Cristante, director t\u00e9cnico], que ha conformado un gran equipo y es una gran persona&#8221;, estableci\u00f3 el llamado Cocho.\u2028Consider\u00f3 que deber\u00e1n ser inteligentes para encarar la fase final y ser conscientes que es una serie a dos partidos, por lo que deber\u00e1n tener la cabeza fr\u00eda para vencer al Morelia.\u2028&#8221;La Liguilla es diferente, se juega a dos partidos y a morir, pero no por eso hay que salir a alocarnos, sabemos que son dos partidos, pero se puede culminar desde el primero; vamos a ir a proponer, a sacar nuestro mejor futbol y hacer un buen partido para traernos una buena ventaja&#8221;, sentenci\u00f3.\u2028Ambos cuadros reportaron con equipos completos, sin ausencias por lesiones, por lo que se dijeron listos para iniciar la serie. <br \/>**<\/p>\n<p>El VAR, sin fecha para M\u00e9xico<\/p>\n<p>El VAR no lleg\u00f3 en la Liguilla, y qui\u00e9n sabe cu\u00e1ndo puede llegar a M\u00e9xico.\u2028Simplemente no se cumplieron con los requisitos solicitados por la FIFA. &#8220;La postura original era arrancar en la Liguilla y la realidad es que los requerimientos de la International Football Association Board (IFAB) y todo el trabajo que hay que hacer para cumplir a cabalidad, se han incrementado, as\u00ed que ser\u00e1 imposible poder arrancar&#8221;, dijo Arturo Brizio, presidente de la Comisi\u00f3n de Arbitraje.\u2028Brizio no se qued\u00f3 con los brazos cruzados, para acelerar una posible certificaci\u00f3n, &#8220;nos acompa\u00f1a el alem\u00e1n Dirk Schlemmer, jefe de servicios de futbol del IFAB y en junio estar\u00e1 David Elleray, director t\u00e9cnico del IFAB; ya nos ir\u00e1n indicando los pasos a seguir. Ahora es imposible decir una fecha determinada para saber cu\u00e1ndo llegar\u00e1, ya con su certificaci\u00f3n, en estos meses estaremos en posibilidades de decir los partidos en donde arrancaremos de forma oficial&#8221;.\u2028Mientras se hacen pruebas y se tendr\u00e1 una charla con los seleccionados nacionales, para saber qu\u00e9 deber\u00e1n esperar en la Copa del Mundo, donde s\u00ed se utilizar\u00e1 el famoso VAR.<\/p>\n","protected":false},"excerpt":{"rendered":"<p>#LIGA \u00a0MXFracaso, si Toluca no es campe\u00f3n\u00a0\u00a0 \u00a0\u2022\u00a0\u00a0 \u00a0Afirm\u00f3 que tienen muchas &#8220;posibilidades, entramos muy bien, cerramos de la mejor manera. Coronarse con el t\u00edtulo es importante para lo que hemos hecho en los \u00faltimos torneos con Hern\u00e1n [Cristante, director t\u00e9cnico],\u2028<\/p>\n","protected":false},"author":93,"featured_media":0,"comment_status":"open","ping_status":"open","sticky":false,"template":"","format":"standard","meta":{"footnotes":""},"categories":[39],"tags":[],"class_list":["post-62686","post","type-post","status-publish","format-standard","hentry","category-deportiva"],"_links":{"self":[{"href":"https:\/\/plazajuarez.mx\/historico\/wp-json\/wp\/v2\/posts\/62686","targetHints":{"allow":["GET"]}}],"collection":[{"href":"https:\/\/plazajuarez.mx\/historico\/wp-json\/wp\/v2\/posts"}],"about":[{"href":"https:\/\/plazajuarez.mx\/historico\/wp-json\/wp\/v2\/types\/post"}],"author":[{"embeddable":true,"href":"https:\/\/plazajuarez.mx\/historico\/wp-json\/wp\/v2\/users\/93"}],"replies":[{"embeddable":true,"href":"https:\/\/plazajuarez.mx\/historico\/wp-json\/wp\/v2\/comments?post=62686"}],"version-history":[{"count":0,"href":"https:\/\/plazajuarez.mx\/historico\/wp-json\/wp\/v2\/posts\/62686\/revisions"}],"wp:attachment":[{"href":"https:\/\/plazajuarez.mx\/historico\/wp-json\/wp\/v2\/media?parent=62686"}],"wp:term":[{"taxonomy":"category","embeddable":true,"href":"https:\/\/plazajuarez.mx\/historico\/wp-json\/wp\/v2\/categories?post=62686"},{"taxonomy":"post_tag","embeddable":true,"href":"https:\/\/plazajuarez.mx\/historico\/wp-json\/wp\/v2\/tags?post=62686"}],"curies":[{"name":"wp","href":"https:\/\/api.w.org\/{rel}","templated":true}]}}