{"id":62683,"date":"2018-05-03T13:51:54","date_gmt":"2018-05-03T13:51:54","guid":{"rendered":"http:\/\/plazajuarez.mx\/index\/index.php\/2018\/05\/03\/deporte-local-24\/"},"modified":"2018-05-03T13:51:54","modified_gmt":"2018-05-03T13:51:54","slug":"deporte-local-24","status":"publish","type":"post","link":"https:\/\/plazajuarez.mx\/historico\/deporte-local-24\/","title":{"rendered":"Deporte Local"},"content":{"rendered":"<p>INICIA LA OLIMPIADA NACIONAL EN QUINTANA ROO<br \/>\u00a0\u00a0 \u00a0\u2022\u00a0\u00a0 \u00a0Las delegaciones arribar\u00e1n \u00a0hoy y las competencias se disputar\u00e1n al siguiente d\u00eda en el Centro Social Bellavista en la capital quintanarroense.\u2028<br \/>\u00a0<\/p>\n<p>  <!--more-->  <\/p>\n<p>La Olimpiada Nacional inicia competencias en la ciudad de Chetumal, Quintana Roo, con el ajedrez, disciplina que reunir\u00e1 a los mejores exponentes de todo el pa\u00eds, quienes buscar\u00e1n colgarse las primeras medallas en la justa infantil y juvenil m\u00e1s importante.<br \/>Asimismo, en entrevista, se revel\u00f3 que Hidalgo estar\u00e1 presente a trav\u00e9s de los ajedrecistas Jos\u00e9 Antonio Garc\u00eda de Dios, categor\u00eda 15-16 a\u00f1os (2002-2003), medallista de bronce en la Olimpiada Nacional 2015; Miguel Alejandro S\u00e1nchez Mart\u00ednez, 15-16 a\u00f1os y Sergio Vite Azu\u00e1ra, 12-14 a\u00f1os (2004-2006).<br \/>Las delegaciones arribar\u00e1n hoy y las competencias se disputar\u00e1n al siguiente d\u00eda en el Centro Social Bellavista en la capital quintanarroense.<br \/>Se jugar\u00e1 el sistema cl\u00e1sico suizo a 7 rondas de 90 minutos de reflexi\u00f3n con 30 segundos de incremento por cada competidor.<br \/>Adem\u00e1s de las pruebas r\u00e1pidas, las cuales son: r\u00e1pido mixto (25+5) suizo a 7 rondas con tiempo de 25 minutos m\u00e1s 5 segundos de incremento por jugada; el r\u00e1pido mixto (10+5) suizo a 7 rondas con tiempo de 10 minutos m\u00e1s 5 segundos de incremento por jugada y rel\u00e1mpago mixto (3+2) suizo a 7 rondas con tiempo de 3 minutos con incremento de 2 segundos por jugada.<br \/>El primer bloque de Olimpiada Nacional finalizar\u00e1 el 08 de mayo, las actividades se reanudar\u00e1n el 12 de mayo en el Estado de M\u00e9xico con hockey sobre pasto y en Quer\u00e9taro el 13 de mayo con tenis de mesa.<br \/>**<\/p>\n<p>#LUCHAS ASOCIADAS<br \/>ROMERO AL PANAMERICANO DE LUCHAS EN PER\u00da<br \/>\u00a0\u00a0 \u00a0\u2022\u00a0\u00a0 \u00a0El equipo tricolor lo componen 18 deportistas entre ellos destaca Alejandra Romero, campeona centroamericana en 2014\u2028<br \/>Luis Antonio Monroy<br \/>La gladiadora hidalguense Alejandra Romero Bonilla encabeza la lista de seleccionados nacionales que participar\u00e1n en el Campeonato Panamericano de Luchas Asociadas de Lima, Per\u00fa, del \u00a003\u00a0 al 06 de mayo, certamen donde buscar\u00e1n las plazas para los pr\u00f3ximos Juegos Panamericanos de Lima 2019.<br \/>Asimismo, el equipo tricolor lo componen 18 deportistas entre ellos destaca Alejandra Romero, campeona centroamericana en 2014 y Alfonso Leyva, ol\u00edmpico en R\u00edo de Janeiro 2016.<br \/>Adem\u00e1s los gladiadores Emiliano P\u00e9rez, Manuel L\u00f3pez, Andr\u00e9s Vargas, Luis Rom\u00e1n, Maximiliano Garc\u00eda, Rita Ch\u00e1vez y Mariana D\u00edaz, por mencionar algunos.<br \/>La justa continental ser\u00e1 clasificatorio a Lima 2019, por lo que M\u00e9xico asiste con equipo completo en las divisiones de peso ol\u00edmpicas.<br \/>La originaria de Tulancingo, competir\u00e1 en los 57 kilogramos.El certamen se efectuar\u00e1 este fin de semana en Lima, Per\u00fa, y los Juegos Panamericanos ser\u00e1n en la misma sede,\u00a0del 26 de julio al 11 de agosto del a\u00f1o 2019.<br \/>Asimismo, las deportistas Gabriela Canales Herrera y Zeltzin Hern\u00e1ndez Guerra, viajaron a Jap\u00f3n para formar parte de un campamento de 16 d\u00edas, como parte de su preparaci\u00f3n con miras al Campeonato Panamericano cadete, mientras que Yoltic Hern\u00e1ndez Guerra hace lo propio en Guatemala. <\/p>\n","protected":false},"excerpt":{"rendered":"<p>INICIA LA OLIMPIADA NACIONAL EN QUINTANA ROO\u00a0\u00a0 \u00a0\u2022\u00a0\u00a0 \u00a0Las delegaciones arribar\u00e1n \u00a0hoy y las competencias se disputar\u00e1n al siguiente d\u00eda en el Centro Social Bellavista en la capital quintanarroense.\u2028\u00a0<\/p>\n","protected":false},"author":93,"featured_media":0,"comment_status":"open","ping_status":"open","sticky":false,"template":"","format":"standard","meta":{"footnotes":""},"categories":[39],"tags":[],"class_list":["post-62683","post","type-post","status-publish","format-standard","hentry","category-deportiva"],"_links":{"self":[{"href":"https:\/\/plazajuarez.mx\/historico\/wp-json\/wp\/v2\/posts\/62683","targetHints":{"allow":["GET"]}}],"collection":[{"href":"https:\/\/plazajuarez.mx\/historico\/wp-json\/wp\/v2\/posts"}],"about":[{"href":"https:\/\/plazajuarez.mx\/historico\/wp-json\/wp\/v2\/types\/post"}],"author":[{"embeddable":true,"href":"https:\/\/plazajuarez.mx\/historico\/wp-json\/wp\/v2\/users\/93"}],"replies":[{"embeddable":true,"href":"https:\/\/plazajuarez.mx\/historico\/wp-json\/wp\/v2\/comments?post=62683"}],"version-history":[{"count":0,"href":"https:\/\/plazajuarez.mx\/historico\/wp-json\/wp\/v2\/posts\/62683\/revisions"}],"wp:attachment":[{"href":"https:\/\/plazajuarez.mx\/historico\/wp-json\/wp\/v2\/media?parent=62683"}],"wp:term":[{"taxonomy":"category","embeddable":true,"href":"https:\/\/plazajuarez.mx\/historico\/wp-json\/wp\/v2\/categories?post=62683"},{"taxonomy":"post_tag","embeddable":true,"href":"https:\/\/plazajuarez.mx\/historico\/wp-json\/wp\/v2\/tags?post=62683"}],"curies":[{"name":"wp","href":"https:\/\/api.w.org\/{rel}","templated":true}]}}