{"id":62682,"date":"2018-05-03T13:50:08","date_gmt":"2018-05-03T13:50:08","guid":{"rendered":"http:\/\/plazajuarez.mx\/index\/index.php\/2018\/05\/03\/frente-amplio-del-pueblo-hidalguense-se-pronuncia-contra-las-reformas-estructurales\/"},"modified":"2018-05-03T13:50:08","modified_gmt":"2018-05-03T13:50:08","slug":"frente-amplio-del-pueblo-hidalguense-se-pronuncia-contra-las-reformas-estructurales","status":"publish","type":"post","link":"https:\/\/plazajuarez.mx\/historico\/frente-amplio-del-pueblo-hidalguense-se-pronuncia-contra-las-reformas-estructurales\/","title":{"rendered":"Frente Amplio del Pueblo Hidalguense se pronuncia contra las \u201cReformas Estructurales\u201d"},"content":{"rendered":"<p>Tula de Allende<br \/>\u00a0\u00a0 \u00a0\u2022\u00a0\u00a0 \u00a0Las organizaciones agremiadas a este frente, en el marco del D\u00eda del Trabajo, \u00a0tambi\u00e9n protest\u00f3 contra la explotaci\u00f3n del trabajo \u2028<br \/>Los manifestantes se\u00f1alaron que la clase trabajadora lejos de beneficiarse con las reformas se han visto afectados en su econom\u00eda familia, de ah\u00ed que a trav\u00e9s del Frente Amplio del Pueblo Hidalguense se unieron para salir a las calles y protestar contra los abusos del gobierno y de algunos empresarios como Carlos Slim<br \/>Puntualizaron que est\u00e1n cansados de que el Gobierno Federal siga pisoteando los derechos de los ciudadanos y que el d\u00eda de las elecciones del primero de julio los partidos que aprobaron las leyes estructurales van a ser castigados con un voto razonado<\/p>\n<p>  <!--more-->  <\/p>\n<p>\u00a0<br \/>Contra la explotaci\u00f3n del trabajo y por la organizaci\u00f3n desde abajo, organizaciones agremiadas al Frente Amplio del Pueblo Hidalguense, en el marco de la conmemoraci\u00f3n del D\u00eda del Trabajo marcharon por las principales calles de Tula y realizaron un mitin en el Teatro al Aire Libre, donde adem\u00e1s protestaron contra las llamadas \u201cReformas Estructurales\u201d.<br \/>\u00a0Los contingentes para marchar se concentraron en la explanada de la zona comercial de la colonia El Salitre, para luego dirigirse sobre el bulevar Tula-Iturbe, tomar la Calzada Melchor Ocampo, la calle Zaragoza, 5 de Mayo, Morelos, Hidalgo y concluir en el Teatro al Aire Libre con un mitin.<br \/>Dijeron que el llamado es genuino a que se construya un instrumento organizativo que los lleve a frenar las reformas estructurales y que en la regi\u00f3n \u00a0Tula-Tepeji no se siga afectando a la poblaci\u00f3n con los megaproyectos.<br \/>Los hombres y mujeres sentenciaron que se oponen a los grandes proyectos del gobierno federal por qu\u00e9 su concepci\u00f3n de desarrollo no coincide con la de la gente, ya que no existe un desarrollo amigable con la naturaleza.ni existen verdaderas oportunidades de trabajo para sus habitantes, \u201cpor el contrario es un desarrollo enga\u00f1oso ya que s\u00f3lo se da empleo mientras se ejecutan las obras y despu\u00e9s la gente simplemente no es contratada y que por eso las organizaciones no est\u00e1n de acuerdo\u201d.<br \/>Durante su trayecto por las calles se dej\u00f3 escuchar \u201cQue viva la lucha del pueblo organizado; que viva el primero de mayo combativo\u201d y el tradicional \u201cZapata Vive, Zapata Vive y Vive\u201d, \u201cEl pueblo unido jam\u00e1s ser\u00e1 vencido\u201d, \u201cel pueblo callado jam\u00e1s ser\u00e1 escuchado\u201d.<br \/>Los manifestantes lamentaron que los trabajadores de CFE y Pemex todav\u00eda sigan teniendo temor de salir a las calles a protestar, no obstante a que sus derechos laborales cada d\u00eda son violentados, al haber perdido muchos de los logros sindicales, pero que lamentablemente los tienen amenazados y temen perder su trabajo como muchos ya est\u00e1n corriendo esa suerte.<br \/>Denunciaron que con la nueva reformas ya no existen jubilaciones dignas para los trabajadores de M\u00e9xico, por lo que a la marcha se sumaron tambi\u00e9n trabajadores de Tel\u00e9fonos de M\u00e9xico, de la Coordinador Nacional de Trabajadores de la Educaci\u00f3n (CNTE) del Sindicato Mexicano de Electricistas (SME), de la Asamblea Nacional de Usuarios de la Energ\u00eda, de la Federaci\u00f3n de J\u00f3venes Comunistas, entre otras organizaciones.<\/p>\n","protected":false},"excerpt":{"rendered":"<p>Tula de Allende\u00a0\u00a0 \u00a0\u2022\u00a0\u00a0 \u00a0Las organizaciones agremiadas a este frente, en el marco del D\u00eda del Trabajo, \u00a0tambi\u00e9n protest\u00f3 contra la explotaci\u00f3n del trabajo \u2028Los manifestantes se\u00f1alaron que la clase trabajadora lejos de beneficiarse con las reformas se han visto afectados en su econom\u00eda familia, de ah\u00ed que a trav\u00e9s del Frente Amplio del Pueblo [&hellip;]<\/p>\n","protected":false},"author":93,"featured_media":0,"comment_status":"open","ping_status":"open","sticky":false,"template":"","format":"standard","meta":{"footnotes":""},"categories":[40],"tags":[],"class_list":["post-62682","post","type-post","status-publish","format-standard","hentry","category-region"],"_links":{"self":[{"href":"https:\/\/plazajuarez.mx\/historico\/wp-json\/wp\/v2\/posts\/62682","targetHints":{"allow":["GET"]}}],"collection":[{"href":"https:\/\/plazajuarez.mx\/historico\/wp-json\/wp\/v2\/posts"}],"about":[{"href":"https:\/\/plazajuarez.mx\/historico\/wp-json\/wp\/v2\/types\/post"}],"author":[{"embeddable":true,"href":"https:\/\/plazajuarez.mx\/historico\/wp-json\/wp\/v2\/users\/93"}],"replies":[{"embeddable":true,"href":"https:\/\/plazajuarez.mx\/historico\/wp-json\/wp\/v2\/comments?post=62682"}],"version-history":[{"count":0,"href":"https:\/\/plazajuarez.mx\/historico\/wp-json\/wp\/v2\/posts\/62682\/revisions"}],"wp:attachment":[{"href":"https:\/\/plazajuarez.mx\/historico\/wp-json\/wp\/v2\/media?parent=62682"}],"wp:term":[{"taxonomy":"category","embeddable":true,"href":"https:\/\/plazajuarez.mx\/historico\/wp-json\/wp\/v2\/categories?post=62682"},{"taxonomy":"post_tag","embeddable":true,"href":"https:\/\/plazajuarez.mx\/historico\/wp-json\/wp\/v2\/tags?post=62682"}],"curies":[{"name":"wp","href":"https:\/\/api.w.org\/{rel}","templated":true}]}}