{"id":62679,"date":"2018-05-03T13:49:01","date_gmt":"2018-05-03T13:49:01","guid":{"rendered":"http:\/\/plazajuarez.mx\/index\/index.php\/2018\/05\/03\/niega-guadalupe-cruz-romero-que-su-candidatura-se-deba-a-una-cuota-politica\/"},"modified":"2018-05-03T13:49:01","modified_gmt":"2018-05-03T13:49:01","slug":"niega-guadalupe-cruz-romero-que-su-candidatura-se-deba-a-una-cuota-politica","status":"publish","type":"post","link":"https:\/\/plazajuarez.mx\/historico\/niega-guadalupe-cruz-romero-que-su-candidatura-se-deba-a-una-cuota-politica\/","title":{"rendered":"Niega Guadalupe Cruz Romero que su candidatura se deba a una cuota pol\u00edtica"},"content":{"rendered":"<p>Ixmiquilpan<br \/>\u00a0\u00a0 \u00a0\u2022\u00a0\u00a0 \u00a0\u201cTengo una trayectoria que me hace merecedora de participar en estas elecciones\u201d\u2028<\/p>\n<p>  <!--more-->  <\/p>\n<p>La candidata del PRI, PES, PVEM y Nueva Alianza, Guadalupe Cruz Romero, ofreci\u00f3 una rueda de prensa, donde destac\u00f3 su participaci\u00f3n en este proceso, negando que su candidatura se deba a una cuota pol\u00edtica o de amistades. <br \/>Subray\u00f3, que tiene una trayectoria que la hace merecedora de participar en estas elecciones, \u201cun derecho leg\u00edtimo que tambi\u00e9n tienen otros actores pol\u00edticos del distrito\u201d. <br \/>Destac\u00f3 que tiene una trayectoria en la Polic\u00eda, en la atenci\u00f3n social y en la sociedad organizada, de donde ha surgido \u00a0y trabajado en m\u00e1s de 10 a\u00f1os. <br \/>Asegur\u00f3, que cuenta con una trayectoria que la respalda, que no viene a improvisar. <br \/>Ser mujer y joven, no es una limitante para participar en estas elecciones, sostuvo, asimismo porque no puede ser gestionada por inexperiencia, ya que lleva activamente participando en la vida pol\u00edtica y p\u00fablica de esta regi\u00f3n. <br \/>Record\u00f3 que, al inicio de su trayectoria, siempre se inclin\u00f3 hacia los grupos vulnerables. Posteriormente, con un grupo de amigos, conform\u00f3 una agrupaci\u00f3n civil, desde la cual ha trabajado en diversas gestiones, desde obra p\u00fablica, proyectos productivos, implementos agr\u00edcolas, adem\u00e1s de la vinculaci\u00f3n de personas con algunas instituciones. <br \/>\u201cNo soy improvisada\u201d, asegur\u00f3, al puntualizar que conoce la labor legislativa, en la que cuenta con propuestas, pero tambi\u00e9n pretende construir una agenda con los diversos sectores en el resto de la campa\u00f1a pol\u00edtica. <br \/>Sin embargo dijo, no s\u00f3lo pretende limitarse a su labor como legisladora, sino que tambi\u00e9n aprovechar\u00e1 su posici\u00f3n \u00a0en el Congreso para continuar con la labor social y de atenci\u00f3n a comunidades del distrito que ahora busca representar. <br \/>Lo que yo quiero es ser un instrumento de la sociedad, no s\u00f3lo su voz en el Congreso, sino desde ah\u00ed dar seguimiento a sus demandas, a buscar recursos en las dependencias, a hacer la labor que ya he venido haciendo. <br \/>La candidata, fue acompa\u00f1ada por el empresario, Jos\u00e9 Huerta Vite, presidente del comit\u00e9 de administraci\u00f3n del parque acu\u00e1tico Teph\u00e9. <br \/>Posteriormente a su encuentro con la prensa, recorri\u00f3 parte de Nicol\u00e1s Flores.<\/p>\n","protected":false},"excerpt":{"rendered":"<p>Ixmiquilpan\u00a0\u00a0 \u00a0\u2022\u00a0\u00a0 \u00a0\u201cTengo una trayectoria que me hace merecedora de participar en estas elecciones\u201d\u2028<\/p>\n","protected":false},"author":93,"featured_media":0,"comment_status":"open","ping_status":"open","sticky":false,"template":"","format":"standard","meta":{"footnotes":""},"categories":[40],"tags":[],"class_list":["post-62679","post","type-post","status-publish","format-standard","hentry","category-region"],"_links":{"self":[{"href":"https:\/\/plazajuarez.mx\/historico\/wp-json\/wp\/v2\/posts\/62679","targetHints":{"allow":["GET"]}}],"collection":[{"href":"https:\/\/plazajuarez.mx\/historico\/wp-json\/wp\/v2\/posts"}],"about":[{"href":"https:\/\/plazajuarez.mx\/historico\/wp-json\/wp\/v2\/types\/post"}],"author":[{"embeddable":true,"href":"https:\/\/plazajuarez.mx\/historico\/wp-json\/wp\/v2\/users\/93"}],"replies":[{"embeddable":true,"href":"https:\/\/plazajuarez.mx\/historico\/wp-json\/wp\/v2\/comments?post=62679"}],"version-history":[{"count":0,"href":"https:\/\/plazajuarez.mx\/historico\/wp-json\/wp\/v2\/posts\/62679\/revisions"}],"wp:attachment":[{"href":"https:\/\/plazajuarez.mx\/historico\/wp-json\/wp\/v2\/media?parent=62679"}],"wp:term":[{"taxonomy":"category","embeddable":true,"href":"https:\/\/plazajuarez.mx\/historico\/wp-json\/wp\/v2\/categories?post=62679"},{"taxonomy":"post_tag","embeddable":true,"href":"https:\/\/plazajuarez.mx\/historico\/wp-json\/wp\/v2\/tags?post=62679"}],"curies":[{"name":"wp","href":"https:\/\/api.w.org\/{rel}","templated":true}]}}