{"id":62678,"date":"2018-05-03T13:49:00","date_gmt":"2018-05-03T13:49:00","guid":{"rendered":"http:\/\/plazajuarez.mx\/index\/index.php\/2018\/05\/03\/pascual-charrez-candidato-del-pt-a-diputado-federal\/"},"modified":"2018-05-03T13:49:00","modified_gmt":"2018-05-03T13:49:00","slug":"pascual-charrez-candidato-del-pt-a-diputado-federal","status":"publish","type":"post","link":"https:\/\/plazajuarez.mx\/historico\/pascual-charrez-candidato-del-pt-a-diputado-federal\/","title":{"rendered":"Pascual Charrez, candidato del PT a diputado federal"},"content":{"rendered":"<p>Ixmiquilpan<br \/>\u00a0\u00a0 \u00a0\u2022\u00a0\u00a0 \u00a0Tuvo que esperar m\u00e1s de un mes, despu\u00e9s de impugnar ante el TEPJF la candidatura a diputado federal que Morena dio a su hermano, Cipriano Charrez\u2028<\/p>\n<p>  <!--more-->  <\/p>\n<p>El presidente municipal de Ixmiquilpan, Pascual Charrez, finalmente fue elegido candidato del Partido del Trabajo (PT) a diputado federal por este distrito, luego de esperar m\u00e1s de un mes en que el Tribunal Electoral del Poder Judicial de la Federaci\u00f3n (TEPJF) resolviera la impugnaci\u00f3n que hizo a la candidatura de Morena, que representa su hermano, Cipriano Charrez. <br \/>El TEPJF no ha resuelto la impugnaci\u00f3n, la cual \u00e9l esperaba saliera a su favor, sin embargo de acuerdo a fuentes cercanas al alcalde, sigue sin fecha para definirse. Eso limit\u00f3 su aceptaci\u00f3n de la candidatura del PT, pues estaba a\u00fan la esperanza que Morena lo definiera a \u00e9l a trav\u00e9s de la resoluci\u00f3n del Tribunal. <br \/>Ayer, la comunicaci\u00f3n social del candidato, confirm\u00f3 que oficialmente ya estar\u00e1 haciendo campa\u00f1a, pues hasta hace un mes s\u00f3lo lo hac\u00eda como voluntario del PT para promover la candidatura de Andr\u00e9s Manuel L\u00f3pez Obrador. <br \/>Pascual Charrez Pedraza impugn\u00f3 el proceso de elecci\u00f3n del candidato de Morena, debido a que presuntamente hubo violaci\u00f3n de derechos que \u00e9l ten\u00eda como militante, su molestia es porque no se le consider\u00f3 dentro de las encuestas aplicadas por el partido para la designaci\u00f3n del candidato. <br \/>Exigi\u00f3, en su momento, la transparencia del proceso, asimismo pugn\u00f3 porque dichas encuestas se hicieran p\u00fablicas para conocer si realmente este m\u00e9todo se aplic\u00f3 correctamente para definir a Cipriano Charrez como el abanderado de Morena. <br \/>Ya como candidato de Morena, ha comenzado con la difusi\u00f3n de propaganda pol\u00edtica electoral, asimismo ha recorrido comunidades donde ya no s\u00f3lo pide el voto a favor de L\u00f3pez Obrador, ahora tambi\u00e9n lo pide para \u00e9l, como candidato a legislador federal.<br \/>Esta es la segunda vez que Pascual Charrez Pedraza encabeza al PT como candidato. La primera vez lo hizo para la Presidencia Municipal, ahora para diputado federal. <br \/>Asimismo, ha participado en diversas contiendas encabezando al PAN y al PRD, de lo cual ha asegurado, no es a\u00fan asunto por el que deba ser cuestionado, pues \u00e9l siempre ha estado del lado de la sociedad. <\/p>\n","protected":false},"excerpt":{"rendered":"<p>Ixmiquilpan\u00a0\u00a0 \u00a0\u2022\u00a0\u00a0 \u00a0Tuvo que esperar m\u00e1s de un mes, despu\u00e9s de impugnar ante el TEPJF la candidatura a diputado federal que Morena dio a su hermano, Cipriano Charrez\u2028<\/p>\n","protected":false},"author":93,"featured_media":0,"comment_status":"open","ping_status":"open","sticky":false,"template":"","format":"standard","meta":{"footnotes":""},"categories":[40],"tags":[],"class_list":["post-62678","post","type-post","status-publish","format-standard","hentry","category-region"],"_links":{"self":[{"href":"https:\/\/plazajuarez.mx\/historico\/wp-json\/wp\/v2\/posts\/62678","targetHints":{"allow":["GET"]}}],"collection":[{"href":"https:\/\/plazajuarez.mx\/historico\/wp-json\/wp\/v2\/posts"}],"about":[{"href":"https:\/\/plazajuarez.mx\/historico\/wp-json\/wp\/v2\/types\/post"}],"author":[{"embeddable":true,"href":"https:\/\/plazajuarez.mx\/historico\/wp-json\/wp\/v2\/users\/93"}],"replies":[{"embeddable":true,"href":"https:\/\/plazajuarez.mx\/historico\/wp-json\/wp\/v2\/comments?post=62678"}],"version-history":[{"count":0,"href":"https:\/\/plazajuarez.mx\/historico\/wp-json\/wp\/v2\/posts\/62678\/revisions"}],"wp:attachment":[{"href":"https:\/\/plazajuarez.mx\/historico\/wp-json\/wp\/v2\/media?parent=62678"}],"wp:term":[{"taxonomy":"category","embeddable":true,"href":"https:\/\/plazajuarez.mx\/historico\/wp-json\/wp\/v2\/categories?post=62678"},{"taxonomy":"post_tag","embeddable":true,"href":"https:\/\/plazajuarez.mx\/historico\/wp-json\/wp\/v2\/tags?post=62678"}],"curies":[{"name":"wp","href":"https:\/\/api.w.org\/{rel}","templated":true}]}}