{"id":62673,"date":"2018-05-03T13:47:00","date_gmt":"2018-05-03T13:47:00","guid":{"rendered":"http:\/\/plazajuarez.mx\/index\/index.php\/2018\/05\/03\/el-desgranamiento-del-pri-nos-favorece-cipriano-charrez\/"},"modified":"2018-05-03T13:47:00","modified_gmt":"2018-05-03T13:47:00","slug":"el-desgranamiento-del-pri-nos-favorece-cipriano-charrez","status":"publish","type":"post","link":"https:\/\/plazajuarez.mx\/historico\/el-desgranamiento-del-pri-nos-favorece-cipriano-charrez\/","title":{"rendered":"\u201cEl desgranamiento del PRI nos favorece\u201d: Cipriano Charrez"},"content":{"rendered":"<p>RUMBO A LAS ELECCIONES<br \/>\u00a0\u00a0 \u00a0\u2022\u00a0\u00a0 \u00a0Afirma que las debilidades de los dem\u00e1s partidos favorece a los candidatos de Morena\u2028<\/p>\n<p>  <!--more-->  <\/p>\n<p>El candidato por el distrito II de Ixmiquilpan del partido Movimiento Regeneraci\u00f3n Nacional (Morena), Cipriano Charrez Pedraza, afirm\u00f3 que los problemas y debilidades de los dem\u00e1s contrincantes est\u00e1n beneficiando a los candidatos morenistas, ya que mencion\u00f3 que las candidaturas por las partes contrincantes est\u00e1n provocando desconfianza entre la ciudadan\u00eda. <br \/>\u00a0\u00a0 \u00a0Afirm\u00f3 que los principales problemas que est\u00e1n detectando las y los ciudadanos en el estado es que algunos candidatos son \u201cd\u00e9biles\u201d, otros est\u00e1n \u201crepitiendo candidaturas\u201d y otros que \u201cnadie los conoce porque no han hecho nada de trabajo\u201d, y consider\u00f3 que a varios contrincantes les reclaman falta de compromisos, por lo que indic\u00f3 que las debilidades de los dem\u00e1s partidos favorecen a los morenistas. <br \/>\u00a0\u00a0 \u00a0En este mismo tenor, declar\u00f3 que \u201chay un desgranamiento por parte del PRI, en especial en la regi\u00f3n de Ixmiquilpan\u201d, adem\u00e1s que destac\u00f3 que organizaciones se han estado sumando a la campa\u00f1a de Morena en dicha demarcaci\u00f3n, aunque se\u00f1al\u00f3 que algunas de ellas lo han hecho abiertamente, y otras se han reservado de aparecer p\u00fablicamente en sus m\u00edtines. <br \/>\u00a0\u00a0 \u00a0As\u00ed mismo, declar\u00f3 que el reclamo m\u00e1s recurrente por parte de la ciudadan\u00eda del distrito II es la propuesta de ley que pueda permitir el descenso de los precios de los combustibles, como la gasolina, el gas LP y la electricidad, y a\u00f1adi\u00f3 que no es una propuesta que lleva originalmente en su campa\u00f1a, pero que se comprometer\u00e1 para que se cumpla. <br \/>\u00a0\u00a0 \u00a0De este modo, apunt\u00f3 que en s\u00ed la propuesta de la baja de los costos de los principales energ\u00e9ticos es una de la plataforma nacional morenista, y por otro lado, tambi\u00e9n manifest\u00f3 que se desarrollar\u00e1 una serie de proposiciones, desde la presidencia, pasando por el Congreso de la Uni\u00f3n y los Congresos locales para que la misma ciudadan\u00eda pueda participar en la elaboraci\u00f3n. <br \/>\u00a0\u00a0 \u00a0Acot\u00f3 que se cubrir\u00e1n los principales reclamos, no s\u00f3lo de su distrito, sino trabajar en conjunto con los dem\u00e1s diputados para subsanar cuestiones de falta de abastecimiento de medicamentos en los centros de salud, as\u00ed como cubrir la falta de m\u00e9dicos en dichos lugares, con lo que confirm\u00f3 que se garantizar\u00e1 una atenci\u00f3n integral.<\/p>\n","protected":false},"excerpt":{"rendered":"<p>RUMBO A LAS ELECCIONES\u00a0\u00a0 \u00a0\u2022\u00a0\u00a0 \u00a0Afirma que las debilidades de los dem\u00e1s partidos favorece a los candidatos de Morena\u2028<\/p>\n","protected":false},"author":93,"featured_media":0,"comment_status":"open","ping_status":"open","sticky":false,"template":"","format":"standard","meta":{"footnotes":""},"categories":[59],"tags":[],"class_list":["post-62673","post","type-post","status-publish","format-standard","hentry","category-general"],"_links":{"self":[{"href":"https:\/\/plazajuarez.mx\/historico\/wp-json\/wp\/v2\/posts\/62673","targetHints":{"allow":["GET"]}}],"collection":[{"href":"https:\/\/plazajuarez.mx\/historico\/wp-json\/wp\/v2\/posts"}],"about":[{"href":"https:\/\/plazajuarez.mx\/historico\/wp-json\/wp\/v2\/types\/post"}],"author":[{"embeddable":true,"href":"https:\/\/plazajuarez.mx\/historico\/wp-json\/wp\/v2\/users\/93"}],"replies":[{"embeddable":true,"href":"https:\/\/plazajuarez.mx\/historico\/wp-json\/wp\/v2\/comments?post=62673"}],"version-history":[{"count":0,"href":"https:\/\/plazajuarez.mx\/historico\/wp-json\/wp\/v2\/posts\/62673\/revisions"}],"wp:attachment":[{"href":"https:\/\/plazajuarez.mx\/historico\/wp-json\/wp\/v2\/media?parent=62673"}],"wp:term":[{"taxonomy":"category","embeddable":true,"href":"https:\/\/plazajuarez.mx\/historico\/wp-json\/wp\/v2\/categories?post=62673"},{"taxonomy":"post_tag","embeddable":true,"href":"https:\/\/plazajuarez.mx\/historico\/wp-json\/wp\/v2\/tags?post=62673"}],"curies":[{"name":"wp","href":"https:\/\/api.w.org\/{rel}","templated":true}]}}