{"id":62672,"date":"2018-05-03T00:42:34","date_gmt":"2018-05-03T00:42:34","guid":{"rendered":"http:\/\/plazajuarez.mx\/index\/index.php\/2018\/05\/03\/balean-a-subdirector-de-movilidad-de-valle-de-chalco\/"},"modified":"2018-05-03T00:42:34","modified_gmt":"2018-05-03T00:42:34","slug":"balean-a-subdirector-de-movilidad-de-valle-de-chalco","status":"publish","type":"post","link":"https:\/\/plazajuarez.mx\/historico\/balean-a-subdirector-de-movilidad-de-valle-de-chalco\/","title":{"rendered":"Balean a subdirector de Movilidad de Valle de Chalco"},"content":{"rendered":"<p style=\"text-align: justify;\">A los dos hermanos los hiri\u00f3 con el arma que accion\u00f3 y despu\u00e9s huy\u00f3 del lugar.<\/p>\n<p>  <!--more-->  <\/p>\n<p style=\"text-align: justify;\">El subdirector de Movilidad del ayuntamiento de Valle de Chalco y su hermano, quien tambi\u00e9n labora en esa dependencia, fueron baleados la tarde de este mi\u00e9rcoles en la colonia Ni\u00f1os H\u00e9roes, informaron fuentes de la Secretar\u00eda de Seguridad mexiquense.<\/p>\n<p style=\"text-align: justify;\">De acuerdo con la corporaci\u00f3n, Luis Alberto Reyes, de 27 a\u00f1os de edad, subdirector de la instancia local, estaba en el interior de una unidad Chevrolet, tipo Uplander, color gris, con placas del Estado de M\u00e9xico, en la avenida Norte 2, casi esquina con la calle Poniente 1, en la colonia Ni\u00f1os H\u00e9roes Primera Secci\u00f3n. Con \u00e9l se encontraba su hermano Juan Antonio y otras tres personas, cuando un sujeto de entre 35 a 40 a\u00f1os de edad, con el que hab\u00edan discutido una hora antes, regres\u00f3 con una pistola y les dispar\u00f3.<\/p>\n<p style=\"text-align: justify;\">A los dos hermanos los hiri\u00f3 con el arma que accion\u00f3 y despu\u00e9s huy\u00f3 del lugar. Testigos solicitaron los servicios de emergencia y al sitio acudi\u00f3 una ambulancia de Protecci\u00f3n Civil municipal que los traslad\u00f3 al Hospital Fernando Quiroz de Valle de Chalco.<\/p>\n<p style=\"text-align: justify;\">Debido a la gravedad de las lesiones, los dos hermanos tuvieron que ser llevados en dos helic\u00f3pteros Rel\u00e1mpago del Gobierno del Estado de M\u00e9xico a otro hospital de la entidad.<\/p>\n<p style=\"text-align: justify;\">En el lugar donde se registr\u00f3 el ataque fueron encontrados tres casquillos calibre 9 mil\u00edmetros.<\/p>\n","protected":false},"excerpt":{"rendered":"<p>A los dos hermanos los hiri\u00f3 con el arma que accion\u00f3 y despu\u00e9s huy\u00f3 del lugar.<\/p>\n","protected":false},"author":1,"featured_media":0,"comment_status":"open","ping_status":"open","sticky":false,"template":"","format":"standard","meta":{"footnotes":""},"categories":[37],"tags":[],"class_list":["post-62672","post","type-post","status-publish","format-standard","hentry","category-barandilla"],"_links":{"self":[{"href":"https:\/\/plazajuarez.mx\/historico\/wp-json\/wp\/v2\/posts\/62672","targetHints":{"allow":["GET"]}}],"collection":[{"href":"https:\/\/plazajuarez.mx\/historico\/wp-json\/wp\/v2\/posts"}],"about":[{"href":"https:\/\/plazajuarez.mx\/historico\/wp-json\/wp\/v2\/types\/post"}],"author":[{"embeddable":true,"href":"https:\/\/plazajuarez.mx\/historico\/wp-json\/wp\/v2\/users\/1"}],"replies":[{"embeddable":true,"href":"https:\/\/plazajuarez.mx\/historico\/wp-json\/wp\/v2\/comments?post=62672"}],"version-history":[{"count":0,"href":"https:\/\/plazajuarez.mx\/historico\/wp-json\/wp\/v2\/posts\/62672\/revisions"}],"wp:attachment":[{"href":"https:\/\/plazajuarez.mx\/historico\/wp-json\/wp\/v2\/media?parent=62672"}],"wp:term":[{"taxonomy":"category","embeddable":true,"href":"https:\/\/plazajuarez.mx\/historico\/wp-json\/wp\/v2\/categories?post=62672"},{"taxonomy":"post_tag","embeddable":true,"href":"https:\/\/plazajuarez.mx\/historico\/wp-json\/wp\/v2\/tags?post=62672"}],"curies":[{"name":"wp","href":"https:\/\/api.w.org\/{rel}","templated":true}]}}