{"id":62671,"date":"2018-05-02T23:53:59","date_gmt":"2018-05-02T23:53:59","guid":{"rendered":"http:\/\/plazajuarez.mx\/index\/index.php\/2018\/05\/02\/no-hay-presion-para-que-candidatos-declinen-cinepolis\/"},"modified":"2018-05-02T23:53:59","modified_gmt":"2018-05-02T23:53:59","slug":"no-hay-presion-para-que-candidatos-declinen-cinepolis","status":"publish","type":"post","link":"https:\/\/plazajuarez.mx\/historico\/no-hay-presion-para-que-candidatos-declinen-cinepolis\/","title":{"rendered":"No hay presi\u00f3n para que candidatos declinen: Cin\u00e9polis"},"content":{"rendered":"<p style=\"text-align: justify;\">Mencion\u00f3 que es grave que un candidato a la Presidencia no s\u00f3lo haga declaraciones falsas sino que adem\u00e1s estas se encuentren acompa\u00f1adas de descalificaciones.<\/p>\n<p>  <!--more-->  <\/p>\n<p style=\"text-align: justify;\">El director general de Cin\u00e9polis, Alejandro Ram\u00edrez, afirm\u00f3 que son totalmente falsas las declaraciones &#8220;infundadas e injuriosas&#8221; de Andr\u00e9s Manuel L\u00f3pez Obrador sobre una presunta reuni\u00f3n de empresarios con Ricardo Anaya para acordar un plan con la finalidad de ganar las elecciones del 1 de julio.<\/p>\n<p style=\"text-align: justify;\">En entrevista con Denise Maerker, se dijo desconcertado con las declaraciones donde se menciona su nombre junto con el de otros cuatro empresarios.<\/p>\n<p style=\"text-align: justify;\">&#8220;Me siento muy agraviado. Soy la tercera generaci\u00f3n de una empresa que lleva invirtiendo en este pa\u00eds de manera decidida. No es justo que alguien lance acusaciones infundadas e injuriosas&#8221;, dijo.<\/p>\n<p style=\"text-align: justify;\">Se\u00f1al\u00f3 que jam\u00e1s hubo reuni\u00f3n con Anaya para armar un complot y que no ha habido presi\u00f3n para que ninguno de los candidatos decline.<\/p>\n<p style=\"text-align: justify;\">Mencion\u00f3 que es grave que un candidato a la Presidencia no s\u00f3lo haga declaraciones falsas sino que adem\u00e1s estas se encuentren acompa\u00f1adas de descalificaciones, ya que, record\u00f3, los llam\u00f3 &#8220;traficantes de influencias&#8221; y &#8220;beneficiarios de la corrupci\u00f3n&#8221;.<\/p>\n<p style=\"text-align: justify;\">Cuestionado sobre posibles reuniones con los candidatos, se\u00f1al\u00f3 que los han invitado a una reuni\u00f3n con el Consejo Mexicano de Negocios para principios del mes de julio para realizar un dialogo respetuoso.<\/p>\n<p style=\"text-align: justify;\">Sobre el spot de la asociaci\u00f3n Mexicanos Primero, de la que forma parte, Alejandro Ram\u00edrez aclar\u00f3 que no beneficia a nadie y que se decidi\u00f3 comprar el espacio para tener mayor impacto y presencia medi\u00e1tica.<\/p>\n<p style=\"text-align: justify;\">Durante un mitin en la sierra de Veracruz, Andr\u00e9s Manuel L\u00f3pez Obrador, abanderado de Morena-PES-PT, acus\u00f3 a Ricardo Anaya, candidato presidencial del PAN-PRD-MC, de operar un plan para que un grupo de cinco empresarios convenzan al presidente Enrique Pe\u00f1a Nieto de que decline el candidato del PRI, Jos\u00e9 Antonio Meade, y se una en una sola candidatura.<\/p>\n<p style=\"text-align: justify;\">De acuerdo con el tabasque\u00f1o, los empresarios que encabezan dicha negociaci\u00f3n son: El empresario minero, Alberto Baill\u00e9res; Germ\u00e1n Larrea, director ejecutivo de Grupo M\u00e9xico; Eduardo Tricio, presidente del Consejo de Administraci\u00f3n de Grupo Lala; Claudio X. Gonz\u00e1lez Laporte, presidente de Kimberly Clark de M\u00e9xico; y Alejandro Ram\u00edrez, presidente de Cin\u00e9polis.<\/p>\n","protected":false},"excerpt":{"rendered":"<p>Mencion\u00f3 que es grave que un candidato a la Presidencia no s\u00f3lo haga declaraciones falsas sino que adem\u00e1s estas se encuentren acompa\u00f1adas de descalificaciones.<\/p>\n","protected":false},"author":1,"featured_media":0,"comment_status":"open","ping_status":"open","sticky":false,"template":"","format":"standard","meta":{"footnotes":""},"categories":[36],"tags":[],"class_list":["post-62671","post","type-post","status-publish","format-standard","hentry","category-nacion"],"_links":{"self":[{"href":"https:\/\/plazajuarez.mx\/historico\/wp-json\/wp\/v2\/posts\/62671","targetHints":{"allow":["GET"]}}],"collection":[{"href":"https:\/\/plazajuarez.mx\/historico\/wp-json\/wp\/v2\/posts"}],"about":[{"href":"https:\/\/plazajuarez.mx\/historico\/wp-json\/wp\/v2\/types\/post"}],"author":[{"embeddable":true,"href":"https:\/\/plazajuarez.mx\/historico\/wp-json\/wp\/v2\/users\/1"}],"replies":[{"embeddable":true,"href":"https:\/\/plazajuarez.mx\/historico\/wp-json\/wp\/v2\/comments?post=62671"}],"version-history":[{"count":0,"href":"https:\/\/plazajuarez.mx\/historico\/wp-json\/wp\/v2\/posts\/62671\/revisions"}],"wp:attachment":[{"href":"https:\/\/plazajuarez.mx\/historico\/wp-json\/wp\/v2\/media?parent=62671"}],"wp:term":[{"taxonomy":"category","embeddable":true,"href":"https:\/\/plazajuarez.mx\/historico\/wp-json\/wp\/v2\/categories?post=62671"},{"taxonomy":"post_tag","embeddable":true,"href":"https:\/\/plazajuarez.mx\/historico\/wp-json\/wp\/v2\/tags?post=62671"}],"curies":[{"name":"wp","href":"https:\/\/api.w.org\/{rel}","templated":true}]}}