{"id":62670,"date":"2018-05-02T23:02:46","date_gmt":"2018-05-02T23:02:46","guid":{"rendered":"http:\/\/plazajuarez.mx\/index\/index.php\/2018\/05\/02\/pena-niega-que-negocie-declinacion-de-jose-antonio-meade\/"},"modified":"2018-05-02T23:02:46","modified_gmt":"2018-05-02T23:02:46","slug":"pena-niega-que-negocie-declinacion-de-jose-antonio-meade","status":"publish","type":"post","link":"https:\/\/plazajuarez.mx\/historico\/pena-niega-que-negocie-declinacion-de-jose-antonio-meade\/","title":{"rendered":"Pe\u00f1a niega que negocie declinaci\u00f3n de Jos\u00e9 Antonio Meade"},"content":{"rendered":"<p style=\"text-align: justify;\">\u201cNadie negocia conmigo, yo soy presidente&#8230;&#8221;<\/p>\n<p>  <!--more-->  <\/p>\n<p style=\"text-align: justify;\">El presidente Enrique Pe\u00f1a Nieto rechaz\u00f3 que alguien est\u00e9 negociando con \u00e9l la eventual declinaci\u00f3n de Jos\u00e9 Antonio Meade como candidato a la Presidencia de la Rep\u00fablica y sostuvo que hoy se dedica a trabajar para cerrar bien su administraci\u00f3n.<\/p>\n<p style=\"text-align: justify;\">Abordado por la prensa a su salida del evento Cumbre de Vivienda INFONAVIT 2018, se le pregunt\u00f3 sobre la supuesta negociaci\u00f3n para que haya una candidatura \u00fanica en favor del panista Ricardo Anaya que enfrente a Andr\u00e9s Manuel L\u00f3pez Obrador.<\/p>\n<p style=\"text-align: justify;\">\u201cNadie negocia conmigo, yo soy presidente, los candidatos y sus campa\u00f1as corren en otro camino, yo soy presidente de la Rep\u00fablica y estoy dedicado a trabajar y a cerrar bien mi administraci\u00f3n\u201d, respondi\u00f3.<\/p>\n<p style=\"text-align: justify;\">Sobre la reuni\u00f3n de ayer martes con diputados federales de los partidos Revolucionario Institucional (PRI), Verde Ecologista de M\u00e9xico (PVEM) y de Nueva Alianza, el presidente Pe\u00f1a Nieto aclar\u00f3 que \u00e9l no da instrucciones a los legisladores y que en el encuentro reconoci\u00f3 y agradeci\u00f3 el apoyo que dieron a distintas iniciativas de ley que recibieron del Ejecutivo.<\/p>\n<p style=\"text-align: justify;\">&#8220;Fue la raz\u00f3n de acompa\u00f1arles a dos convivencias que tuvieron, dos de mis partidos y de las fuerzas aliadas, de hacerles mi reconocimiento y mi gratitud por el apoyo que hicieron a distintas iniciativas que fueron enviadas desde el Ejecutivo y ellos respaldaron y apoyaron, esa fue la raz\u00f3n de reunirme con ellos&#8221;, coment\u00f3.<\/p>\n","protected":false},"excerpt":{"rendered":"<p>\u201cNadie negocia conmigo, yo soy presidente&#8230;&#8221;<\/p>\n","protected":false},"author":1,"featured_media":0,"comment_status":"open","ping_status":"open","sticky":false,"template":"","format":"standard","meta":{"footnotes":""},"categories":[36],"tags":[],"class_list":["post-62670","post","type-post","status-publish","format-standard","hentry","category-nacion"],"_links":{"self":[{"href":"https:\/\/plazajuarez.mx\/historico\/wp-json\/wp\/v2\/posts\/62670","targetHints":{"allow":["GET"]}}],"collection":[{"href":"https:\/\/plazajuarez.mx\/historico\/wp-json\/wp\/v2\/posts"}],"about":[{"href":"https:\/\/plazajuarez.mx\/historico\/wp-json\/wp\/v2\/types\/post"}],"author":[{"embeddable":true,"href":"https:\/\/plazajuarez.mx\/historico\/wp-json\/wp\/v2\/users\/1"}],"replies":[{"embeddable":true,"href":"https:\/\/plazajuarez.mx\/historico\/wp-json\/wp\/v2\/comments?post=62670"}],"version-history":[{"count":0,"href":"https:\/\/plazajuarez.mx\/historico\/wp-json\/wp\/v2\/posts\/62670\/revisions"}],"wp:attachment":[{"href":"https:\/\/plazajuarez.mx\/historico\/wp-json\/wp\/v2\/media?parent=62670"}],"wp:term":[{"taxonomy":"category","embeddable":true,"href":"https:\/\/plazajuarez.mx\/historico\/wp-json\/wp\/v2\/categories?post=62670"},{"taxonomy":"post_tag","embeddable":true,"href":"https:\/\/plazajuarez.mx\/historico\/wp-json\/wp\/v2\/tags?post=62670"}],"curies":[{"name":"wp","href":"https:\/\/api.w.org\/{rel}","templated":true}]}}