{"id":62668,"date":"2018-05-02T19:06:05","date_gmt":"2018-05-02T19:06:05","guid":{"rendered":"http:\/\/plazajuarez.mx\/index\/index.php\/2018\/05\/02\/trabajar-en-equipo-para-lograr-mejores-resultados-convoca-ricardo-canales\/"},"modified":"2018-05-02T19:06:05","modified_gmt":"2018-05-02T19:06:05","slug":"trabajar-en-equipo-para-lograr-mejores-resultados-convoca-ricardo-canales","status":"publish","type":"post","link":"https:\/\/plazajuarez.mx\/historico\/trabajar-en-equipo-para-lograr-mejores-resultados-convoca-ricardo-canales\/","title":{"rendered":"Trabajar en equipo para lograr mejores resultados, convoca Ricardo Canales"},"content":{"rendered":"<p style=\"text-align: justify;\">Refrend\u00f3 su compromiso de trabajar con la ciudadan\u00eda.<\/p>\n<p>  <!--more-->  <\/p>\n<p style=\"text-align: justify;\">El candidato a diputado local por el distrito X, \u00a0con cabecera en Apan, Ricardo Canales del Razo, recorri\u00f3 el municipio de Emiliano Zapata, donde conoci\u00f3 inquietudes y necesidades de la ciudadan\u00eda.<\/p>\n<p style=\"text-align: justify;\">Durante su visita por las comunidades de Santa B\u00e1rbara, Jos\u00e9 Mar\u00eda Morelos y Santa Clara, indic\u00f3 que su prop\u00f3sito es tener una campa\u00f1a de cercan\u00eda con la gente, para darles a conocer sus propuestas y escucharlos.<\/p>\n<p style=\"text-align: justify;\">Sumado a la preocupaci\u00f3n de la ciudadan\u00eda por el poco apoyo que hay al campo, el candidato tricolor expreso: \u201cS\u00e9 que est\u00e1 situaci\u00f3n les duele, porque yo la he vivido, desde peque\u00f1o mis padres me ense\u00f1aron el trabajo en el campo y toda mi vida me he dedicado a el, por eso hoy estoy aqu\u00ed, porque quiero que mejore la calidad de los productores del campo\u201d.<\/p>\n<p style=\"text-align: justify;\">As\u00ed mismo, refrend\u00f3 su compromiso de trabajar con la ciudadan\u00eda, ya que son ellos quienes viven la problem\u00e1tica de cada comunidad, por eso es importante trabajar en equipo para lograr mejores resultados.<\/p>\n<p style=\"text-align: justify;\">Finalmente, con la firme intenci\u00f3n de ser representante de los trabajadores del campo en el Congreso, Ricardo Canales reafirm\u00f3 su compromiso para mejorar la calidad de vida y econom\u00eda de las familias, en diversas comunidades del distrito, ya que, subray\u00f3, su principal actividad es la agr\u00edcola.<\/p>\n","protected":false},"excerpt":{"rendered":"<p>Refrend\u00f3 su compromiso de trabajar con la ciudadan\u00eda.<\/p>\n","protected":false},"author":1,"featured_media":0,"comment_status":"open","ping_status":"open","sticky":false,"template":"","format":"standard","meta":{"footnotes":""},"categories":[59],"tags":[],"class_list":["post-62668","post","type-post","status-publish","format-standard","hentry","category-general"],"_links":{"self":[{"href":"https:\/\/plazajuarez.mx\/historico\/wp-json\/wp\/v2\/posts\/62668","targetHints":{"allow":["GET"]}}],"collection":[{"href":"https:\/\/plazajuarez.mx\/historico\/wp-json\/wp\/v2\/posts"}],"about":[{"href":"https:\/\/plazajuarez.mx\/historico\/wp-json\/wp\/v2\/types\/post"}],"author":[{"embeddable":true,"href":"https:\/\/plazajuarez.mx\/historico\/wp-json\/wp\/v2\/users\/1"}],"replies":[{"embeddable":true,"href":"https:\/\/plazajuarez.mx\/historico\/wp-json\/wp\/v2\/comments?post=62668"}],"version-history":[{"count":0,"href":"https:\/\/plazajuarez.mx\/historico\/wp-json\/wp\/v2\/posts\/62668\/revisions"}],"wp:attachment":[{"href":"https:\/\/plazajuarez.mx\/historico\/wp-json\/wp\/v2\/media?parent=62668"}],"wp:term":[{"taxonomy":"category","embeddable":true,"href":"https:\/\/plazajuarez.mx\/historico\/wp-json\/wp\/v2\/categories?post=62668"},{"taxonomy":"post_tag","embeddable":true,"href":"https:\/\/plazajuarez.mx\/historico\/wp-json\/wp\/v2\/tags?post=62668"}],"curies":[{"name":"wp","href":"https:\/\/api.w.org\/{rel}","templated":true}]}}