{"id":623,"date":"2015-02-09T06:00:00","date_gmt":"2015-02-09T06:00:00","guid":{"rendered":"http:\/\/plazajuarez.mx\/index\/index.php\/2015\/02\/09\/el-tiempo-2\/"},"modified":"2015-02-09T06:00:00","modified_gmt":"2015-02-09T06:00:00","slug":"el-tiempo-2","status":"publish","type":"post","link":"https:\/\/plazajuarez.mx\/historico\/el-tiempo-2\/","title":{"rendered":"EL TIEMPO."},"content":{"rendered":"<p><em>\u201cHay tiempo, pero no hay futuro\u201d.<\/em><strong><em>\u00a0<\/em><\/strong><\/p>\n<p><strong><em>Lucifer citado por Taylor Caldwell.<\/em><\/strong><\/p>\n<p>  <!--more-->  <\/p>\n<p>\u00a0<\/p>\n<p><strong>\u00a0<\/strong><\/p>\n<p>Renato Leduc, fue poeta de barrio,de cantina.\u00a0 Su popularidad, sin embargo creci\u00f3 cuando el compositor Rub\u00e9n Fuentes puso m\u00fasica a unsoneto de su autor\u00eda.\u00a0 Marco Antonio Mu\u00f1iz y Jos\u00e9 Jos\u00e9 lo llevaron al \u00e9xito\u00a0 cantando a d\u00fao.<\/p>\n<p>\u00a0<\/p>\n<p>Al respecto, el propio Leduc comentaba, algunos a\u00f1os antes de su muerte a finales del siglo pasado: \u201cMe acuerdo que entre mis condisc\u00edpulos estaba un gordo tabasque\u00f1o que se llamaba Ad\u00e1n Santana el cual, como era muy docto en ret\u00f3rica y todas esas pendejadas, hacia versitos y como nos aburr\u00edamos mucho durante la clase de Torri, nos pon\u00edamos a echarnos toritos, donde nos d\u00e1bamos un pie de verso y hac\u00edamos en tres minutos una cuarteta so pena de perder un peso\u2026 y un d\u00eda me dijo el gordo Ad\u00e1n: &#8211; A ver, hazme una cuarteta teniendo como pie de verso, <strong>hay que darle tiempo al tiempo<\/strong>\u2026\u00a0 Como al cabo de los tres minutos no la puede hacer y tuve que pagarle el peso, Santana me dijo en son de burla delante de todos: &#8211; Carajo, yo cre\u00ed que porque haces versitos sabias que <strong>tiempo<\/strong> no tiene consonante\u2026\u00a0 En vista de que todos se rieron de la revolcada que me dio, aquello me pico la cresta y acud\u00ed al diccionario de la rima en donde, en efecto, constat\u00e9 la inconsonancia\u2026 sin embargo dolido a\u00fan por la maltratada, segu\u00ed pensando en el tema hasta que se me ocurrieron los siguientes versos:<\/p>\n<p>\u00a0<\/p>\n<p>Sabia virtud de conocer el tiempo;<\/p>\n<p>A tiempo amar y desatarse a tiempo;<\/p>\n<p>Como dice el refr\u00e1n: dar tiempo al tiempo\u2026<\/p>\n<p>Que de amor y dolor alivia el tiempo\u201d.<\/p>\n<p>\u00a0<\/p>\n<p>En una variaci\u00f3n del mismo tema, Taylor Caldwell, la inmortal novelista norteamericana, en uno de sus \u00faltimos relatos <strong>Di\u00e1logos con el Diablo,<\/strong> recrea una imaginaria pol\u00e9mica entre Lucifer y San Miguel Arc\u00e1ngel, su m\u00edtico vencedor.\u00a0 La escritora pone en labios del Pr\u00edncipe de las Tinieblas una descripci\u00f3n, que todav\u00eda me produce escalofr\u00edos al recordarla despu\u00e9s de muchos a\u00f1os de su lectura: \u201cEn el infierno hay tiempo, pero no hay futuro\u201d.\u00a0 Habr\u00eda que imaginar la existencia interminable de horas, d\u00edas, meses, a\u00f1os, lustros, d\u00e9cadas,siglos, milenios\u2026 tan iguales que no cabe en ellos ni siquiera la conciencia del ma\u00f1ana, mucho menos el advenimiento liberador de la muerte.\u00a0 Un tiempo sin futuro\u2026 \u00a1Qu\u00e9 terrible!<\/p>\n<p>\u00a0<\/p>\n<p>Tiempo es una palabra polis\u00e9mica; esto es, su significado adquiere matices diferentes, tenues y a\u00fan contradictorios, en relaci\u00f3n con el contexto que la envuelva.<\/p>\n<p>\u00a0<\/p>\n<p>El diccionario de la Real Academia Espa\u00f1ola, define en su primera acepci\u00f3n: \u201cDuraci\u00f3n de las cosas sujetas a mudanza\u201d.\u00a0 Obviamente, de la anterior definici\u00f3n se infiere que,en la eternidad, el tiempo no existe. Es una aparente paradoja.<\/p>\n<p>\u00a0<\/p>\n<p>En el habla com\u00fan se dice, por ejemplo: largo espacio de tiempo; hace tiempo que no nos vemos; prevalece el buen tiempo; fruta del tiempo, unidad de tiempo, bomba de tiempo, corrida de tiempo, tiempo de fortuna, tiempo de pasi\u00f3n, tiempo inmemorial, tiempo perdido, tiempo verdadero, medio tiempo, tiempo heroico, abrir el tiempo, acomodarse al tiempo, aprovechar el tiempo, ajustar los tiempos, a largo tiempo, andando el tiempo, a mal tiempo buena cara, capear el tiempo, darse tiempo, matar el tiempo, de tiempo en tiempo, falt\u00f3 tiempo, hacer tiempo, m\u00e1s vale llegar a tiempo\u2026 y no pongo m\u00e1s porque no tengo tiempo.<\/p>\n<p>\u00a0<\/p>\n<p>En estos tiempos, es com\u00fan observar c\u00f3mo millones de europeos se manifiestan en Par\u00eds por el atentado contra Charlie Hebdoel cual que origin\u00f3 la muerte de once personas, a causa del fundamentalismo religioso.\u00a0 Millones tomaron la calle;el advenimiento del caos parec\u00eda inminente; finalmentetras la tempestad volvi\u00f3 la calma.\u00a0 El conflicto no se arranc\u00f3 de ra\u00edz, es imposible.\u00a0 Los gobiernos del mundo tienen que aprender a administrar el desorden.\u00a0 Los periodos prolongados de paz se fueron para siempre.<\/p>\n<p>\u00a0<\/p>\n<p>Hoy por hoy, nuestro pa\u00eds vive su tiempo m\u00e1s dif\u00edcil; no entenderlo as\u00ed, ser\u00eda irresponsable, demag\u00f3gico\u2026\u00a0 Como hombres y mujeres (por aquello de la perspectiva de g\u00e9nero) comprometidos con este tiempo, los mexicanos tenemos obligaci\u00f3n de investigar, qu\u00e9 ocurre en nuestro entorno pol\u00edtico a nivel estatal, nacional e internacional.<\/p>\n<p>\u00a0<\/p>\n<p>Las dificultades por las que atraviesa el Gobierno de la Rep\u00fablica y con \u00e9l, todo el pueblo de M\u00e9xico (lo advierta o no), son graves pero no marcan el fin absoluto.\u00a0 Es necesario poner a tiempo nuestro reloj hist\u00f3rico y nuestra imaginaci\u00f3n para encontrar las oportunidades que toda crisis trae consigo: \u201cSabia virtud de conocer el tiempo\u201d.<\/p>\n<p>\u00a0<\/p>\n<p>A pesar de los fuegos amigo y enemigo, golpe que no tira, fortalece.\u00a0 Hay tiempo, hay futuro.<\/p>\n","protected":false},"excerpt":{"rendered":"<p>\u201cHay tiempo, pero no hay futuro\u201d.\u00a0 Lucifer citado por Taylor Caldwell.<\/p>\n","protected":false},"author":93,"featured_media":0,"comment_status":"open","ping_status":"open","sticky":false,"template":"","format":"standard","meta":{"footnotes":""},"categories":[42],"tags":[],"class_list":["post-623","post","type-post","status-publish","format-standard","hentry","category-nuestrapalabra"],"_links":{"self":[{"href":"https:\/\/plazajuarez.mx\/historico\/wp-json\/wp\/v2\/posts\/623","targetHints":{"allow":["GET"]}}],"collection":[{"href":"https:\/\/plazajuarez.mx\/historico\/wp-json\/wp\/v2\/posts"}],"about":[{"href":"https:\/\/plazajuarez.mx\/historico\/wp-json\/wp\/v2\/types\/post"}],"author":[{"embeddable":true,"href":"https:\/\/plazajuarez.mx\/historico\/wp-json\/wp\/v2\/users\/93"}],"replies":[{"embeddable":true,"href":"https:\/\/plazajuarez.mx\/historico\/wp-json\/wp\/v2\/comments?post=623"}],"version-history":[{"count":0,"href":"https:\/\/plazajuarez.mx\/historico\/wp-json\/wp\/v2\/posts\/623\/revisions"}],"wp:attachment":[{"href":"https:\/\/plazajuarez.mx\/historico\/wp-json\/wp\/v2\/media?parent=623"}],"wp:term":[{"taxonomy":"category","embeddable":true,"href":"https:\/\/plazajuarez.mx\/historico\/wp-json\/wp\/v2\/categories?post=623"},{"taxonomy":"post_tag","embeddable":true,"href":"https:\/\/plazajuarez.mx\/historico\/wp-json\/wp\/v2\/tags?post=623"}],"curies":[{"name":"wp","href":"https:\/\/api.w.org\/{rel}","templated":true}]}}