{"id":62021,"date":"2018-04-23T23:47:03","date_gmt":"2018-04-23T23:47:03","guid":{"rendered":"http:\/\/plazajuarez.mx\/index\/index.php\/2018\/04\/23\/rompen-cristales-y-hacen-pintas-en-sede-de-pgr\/"},"modified":"2018-04-23T23:47:03","modified_gmt":"2018-04-23T23:47:03","slug":"rompen-cristales-y-hacen-pintas-en-sede-de-pgr","status":"publish","type":"post","link":"https:\/\/plazajuarez.mx\/historico\/rompen-cristales-y-hacen-pintas-en-sede-de-pgr\/","title":{"rendered":"Rompen cristales y hacen pintas en sede de PGR"},"content":{"rendered":"<p style=\"text-align: justify;\">&#8220;Vivos se los llevaron, vivos los queremos&#8221;.<\/p>\n<p>  <!--more-->  <\/p>\n<p style=\"text-align: justify;\">Despu\u00e9s de realizar un mitin, estudiantes y familiares de los 43 normalistas desaparecidos de Ayotzinapa realizaron pintas y rompieron cristales en el edificio de la Procuradur\u00eda General de la Rep\u00fablica (PGR), ubicado en R\u00edo Amazonas 43, en la delegaci\u00f3n Cuauht\u00e9moc.<\/p>\n<p style=\"text-align: justify;\">Bajo la consigna &#8220;Vivos se los llevaron, vivos los queremos&#8221;, los manifestantes lanzaron piedras y petardos durante la protesta.<\/p>\n<p style=\"text-align: justify;\">Este lunes, los familiares de los normalistas iniciaron una serie de actividades, las cuales incluyen movilizaciones para exigir al gobierno federal que avance en la investigaci\u00f3n del caso.<\/p>\n","protected":false},"excerpt":{"rendered":"<p>&#8220;Vivos se los llevaron, vivos los queremos&#8221;.<\/p>\n","protected":false},"author":1,"featured_media":0,"comment_status":"open","ping_status":"open","sticky":false,"template":"","format":"standard","meta":{"footnotes":""},"categories":[37],"tags":[],"class_list":["post-62021","post","type-post","status-publish","format-standard","hentry","category-barandilla"],"_links":{"self":[{"href":"https:\/\/plazajuarez.mx\/historico\/wp-json\/wp\/v2\/posts\/62021","targetHints":{"allow":["GET"]}}],"collection":[{"href":"https:\/\/plazajuarez.mx\/historico\/wp-json\/wp\/v2\/posts"}],"about":[{"href":"https:\/\/plazajuarez.mx\/historico\/wp-json\/wp\/v2\/types\/post"}],"author":[{"embeddable":true,"href":"https:\/\/plazajuarez.mx\/historico\/wp-json\/wp\/v2\/users\/1"}],"replies":[{"embeddable":true,"href":"https:\/\/plazajuarez.mx\/historico\/wp-json\/wp\/v2\/comments?post=62021"}],"version-history":[{"count":0,"href":"https:\/\/plazajuarez.mx\/historico\/wp-json\/wp\/v2\/posts\/62021\/revisions"}],"wp:attachment":[{"href":"https:\/\/plazajuarez.mx\/historico\/wp-json\/wp\/v2\/media?parent=62021"}],"wp:term":[{"taxonomy":"category","embeddable":true,"href":"https:\/\/plazajuarez.mx\/historico\/wp-json\/wp\/v2\/categories?post=62021"},{"taxonomy":"post_tag","embeddable":true,"href":"https:\/\/plazajuarez.mx\/historico\/wp-json\/wp\/v2\/tags?post=62021"}],"curies":[{"name":"wp","href":"https:\/\/api.w.org\/{rel}","templated":true}]}}