{"id":6188,"date":"2015-06-07T05:00:00","date_gmt":"2015-06-07T05:00:00","guid":{"rendered":"http:\/\/plazajuarez.mx\/index\/index.php\/2015\/06\/07\/gobierno-estara-pendiente-ante-cualquier-situacion\/"},"modified":"2015-06-07T05:00:00","modified_gmt":"2015-06-07T05:00:00","slug":"gobierno-estara-pendiente-ante-cualquier-situacion","status":"publish","type":"post","link":"https:\/\/plazajuarez.mx\/historico\/gobierno-estara-pendiente-ante-cualquier-situacion\/","title":{"rendered":"Gobierno estar\u00e1 pendiente ante cualquier situaci\u00f3n"},"content":{"rendered":"<p>EN ESTE PROCESO ELECTORAL<\/p>\n<ul>\n<li>Todo en paz, hasta ayer en la ma\u00f1ana <!--more--> <\/li>\n<\/ul>\n<p>\u201cHay la confianza de que todo se va a llevar de manera normal pero tambi\u00e9n no estamos confiados en que se pudiera presentar alguna situaci\u00f3n,\u00a0estamos preparados,\u00a0\u00a0todas las instituciones estamos preparados para cualquier contingencia\u201d, declar\u00f3 el titular de la Secretar\u00eda de Gobierno (Segob) del estado, Salvador Elguero Molina, el pasado viernes en entrevista radiof\u00f3nica.<\/p>\n<p>\u00a0<\/p>\n<p>Horas antes de que se registrara el presunto atentado en contra de Rosendo Cruz Rufino, candidato a diputado federal del Partido Acci\u00f3n Nacional (PAN) en Tula, el titular de la Segob garantiz\u00f3 que no hab\u00eda focos rojos en la entidad y que se ten\u00edan las condiciones para que la ciudadan\u00eda salga a votar, las cuales se mantienen ante el hecho.<\/p>\n<p>\u00a0<\/p>\n<p>Una vez registrado el atentado, de inmediato la Procuradur\u00eda General de Justicia dio inicio a la averiguaci\u00f3n previa 16\/III\/1637\/2015 \u00a0por delito de lesiones en agravio de Rosendo Cruz Rufino, una vez que el agraviado se present\u00f3 a la Unidad de Atenci\u00f3n Temprana\u00a0 de Tula a rendir su declaraci\u00f3n de los hechos, de ah\u00ed que la averiguaci\u00f3n previa se encuentra en periodo de integraci\u00f3n y se resolver\u00e1, en el t\u00e9rmino legal correspondiente.<\/p>\n<p>\u00a0<\/p>\n<p>Independientemente del hecho en menci\u00f3n, horas antes Elguero Molina inform\u00f3 que el estado se encontraba en paz y con las condiciones para que este domingo, 7 de junio, la ciudadan\u00eda salga a votar con todas las garant\u00edas.<\/p>\n<p>\u00a0<\/p>\n<p>\u201cAfortunadamente los diferentes partidos y\u00a0candidatos, tambi\u00e9n con su actividad,\u00a0han colaborado y contribuido a que estas condiciones se den y nosotros esperamos que haya una jornada electoral adecuada,\u00a0\u00a0con todas las posibilidades y no vemos hasta este momento,\u00a0\u00a0alguna situaci\u00f3n que pudiera afectar el proceso electoral\u201d, afirm\u00f3.<\/p>\n<p>\u00a0<\/p>\n<p>Descart\u00f3 que hubiera focos rojos en alguna parte de la entidad, pues reiter\u00f3 que todas las autoridades e instituciones federales, estatales e incluso municipales trabajan en coordinaci\u00f3n y estar\u00e1n atentos para atender y actuar de manera preventiva ante cualquier situaci\u00f3n que se pudiera presentar.<\/p>\n<p> Salvador Elguero mencion\u00f3 que gobierno del estado se ha ocupado en generar las condiciones adecuadas para que todos y cada uno de los ciudadanos est\u00e9n en las condiciones de votar y acudan a las casillas a ejercer su derecho \u201ccon las garant\u00edas de que las condiciones est\u00e1n dadas y no habr\u00e1 ning\u00fan problema,\u00a0\u00a0los invitamos a que ejerzan este derecho ciudadano para que puedan ejercer su voto. Estamos atentos por si hubiera o se pretendiera impedir que se ejerza ese derecho tambi\u00e9n para atender cualquier situaci\u00f3n que se presente\u201d, remat\u00f3.<\/p>\n","protected":false},"excerpt":{"rendered":"<p>EN ESTE PROCESO ELECTORAL Todo en paz, hasta ayer en la ma\u00f1ana<\/p>\n","protected":false},"author":93,"featured_media":0,"comment_status":"open","ping_status":"open","sticky":false,"template":"","format":"standard","meta":{"footnotes":""},"categories":[59],"tags":[],"class_list":["post-6188","post","type-post","status-publish","format-standard","hentry","category-general"],"_links":{"self":[{"href":"https:\/\/plazajuarez.mx\/historico\/wp-json\/wp\/v2\/posts\/6188","targetHints":{"allow":["GET"]}}],"collection":[{"href":"https:\/\/plazajuarez.mx\/historico\/wp-json\/wp\/v2\/posts"}],"about":[{"href":"https:\/\/plazajuarez.mx\/historico\/wp-json\/wp\/v2\/types\/post"}],"author":[{"embeddable":true,"href":"https:\/\/plazajuarez.mx\/historico\/wp-json\/wp\/v2\/users\/93"}],"replies":[{"embeddable":true,"href":"https:\/\/plazajuarez.mx\/historico\/wp-json\/wp\/v2\/comments?post=6188"}],"version-history":[{"count":0,"href":"https:\/\/plazajuarez.mx\/historico\/wp-json\/wp\/v2\/posts\/6188\/revisions"}],"wp:attachment":[{"href":"https:\/\/plazajuarez.mx\/historico\/wp-json\/wp\/v2\/media?parent=6188"}],"wp:term":[{"taxonomy":"category","embeddable":true,"href":"https:\/\/plazajuarez.mx\/historico\/wp-json\/wp\/v2\/categories?post=6188"},{"taxonomy":"post_tag","embeddable":true,"href":"https:\/\/plazajuarez.mx\/historico\/wp-json\/wp\/v2\/tags?post=6188"}],"curies":[{"name":"wp","href":"https:\/\/api.w.org\/{rel}","templated":true}]}}