{"id":6186,"date":"2015-06-07T05:00:00","date_gmt":"2015-06-07T05:00:00","guid":{"rendered":"http:\/\/plazajuarez.mx\/index\/index.php\/2015\/06\/07\/jornadas-vive-joven-en-pachuca-seran-mensuales\/"},"modified":"2015-06-07T05:00:00","modified_gmt":"2015-06-07T05:00:00","slug":"jornadas-vive-joven-en-pachuca-seran-mensuales","status":"publish","type":"post","link":"https:\/\/plazajuarez.mx\/historico\/jornadas-vive-joven-en-pachuca-seran-mensuales\/","title":{"rendered":"Jornadas \u201cVive Joven\u201d en  Pachuca, ser\u00e1n mensuales"},"content":{"rendered":"<ul>\n<li>Secundarias, preparatorias y universidades ser\u00e1n las sedes<\/li>\n<li>En breve, Instituto municipal de la Juventud contar\u00e1 con oficinas <!--more--> <\/li>\n<\/ul>\n<p>El Instituto Municipal de la Juventud en Pachuca inform\u00f3 que las jornadas \u201cVive Joven\u201d que encabeza el organismo, ahora se realizar\u00e1n de manera mensual en escuelas secundarias, preparatorias y universidades de la ciudad; a fin de llegar a mayor n\u00famero de beneficiados durante el presente a\u00f1o.<\/p>\n<p>\u00a0<\/p>\n<p>Tatiana Deschamps Rubio, titular del organismo municipal inform\u00f3 que el objetivo de estas jornadas es llevar a los j\u00f3venes, a trav\u00e9s de pl\u00e1ticas y testimonios, informaci\u00f3n sobre violencia en el noviazgo, embarazos a temprana edad, adicciones, drogadicci\u00f3n y velocidad; como punto de encuentro de informaci\u00f3n oportuna y con ello contribuir en la toma de decisiones responsables.<\/p>\n<p>\u00a0<\/p>\n<p>Agreg\u00f3 que en lo que corresponde al presente a\u00f1o, se han realizado s\u00f3lo dos jornadas, una de ellas en el Centro Regional de Educaci\u00f3n Normal (CREN) Benito Ju\u00e1rez y otra en la Secundaria General N\u00famero 3, ambas localizadas en la capital del estado; no obstante, en breve definir\u00e1n el calendario de visitas para los pr\u00f3ximos meses.<\/p>\n<p>\u00a0<\/p>\n<p>Cabe mencionar que este tipo de eventos \u00fanicamente se emprend\u00edan por parte del Instituto Hidalguense de la Juventud (IHJ), dirigido por Guillermo Peredo Montes; en universidades y preparatorias, pero a partir de 2015 el Instituto Municipal las realizar\u00e1 tambi\u00e9n a nivel secundaria.<\/p>\n<p>\u00a0<\/p>\n<p>Deschamps Rubio coment\u00f3 que este contacto con los j\u00f3venes ha favorecido al Instituto para conocer las verdaderas necesidades de este sector de la poblaci\u00f3n, sobre todo porque es en esta etapa cuando m\u00e1s informados deben estar y comenzar a planear qu\u00e9 hacer de sus vidas<\/p>\n<p>\u00a0<\/p>\n<p>Al respecto, indic\u00f3 que en las jornadas tambi\u00e9n se llevan a cabo talleres de proyecto de vida y de orientaci\u00f3n vocacional, a fin de que tengan mayores herramientas e informaci\u00f3n para tomar sus decisiones en un futuro no lejano.<\/p>\n<p>\u00a0<\/p>\n<p>Finalmente, la funcionaria municipal se\u00f1al\u00f3 que en junio se mudar\u00e1n las oficinas del Instituto al ex colegio Francisco de Siles, donde habr\u00e1 un espacio m\u00e1s amplio para colocar consultorios psicol\u00f3gicos y dar atenci\u00f3n a quien lo requiera.<\/p>\n","protected":false},"excerpt":{"rendered":"<p>Secundarias, preparatorias y universidades ser\u00e1n las sedes En breve, Instituto municipal de la Juventud contar\u00e1 con oficinas<\/p>\n","protected":false},"author":93,"featured_media":0,"comment_status":"open","ping_status":"open","sticky":false,"template":"","format":"standard","meta":{"footnotes":""},"categories":[59],"tags":[],"class_list":["post-6186","post","type-post","status-publish","format-standard","hentry","category-general"],"_links":{"self":[{"href":"https:\/\/plazajuarez.mx\/historico\/wp-json\/wp\/v2\/posts\/6186","targetHints":{"allow":["GET"]}}],"collection":[{"href":"https:\/\/plazajuarez.mx\/historico\/wp-json\/wp\/v2\/posts"}],"about":[{"href":"https:\/\/plazajuarez.mx\/historico\/wp-json\/wp\/v2\/types\/post"}],"author":[{"embeddable":true,"href":"https:\/\/plazajuarez.mx\/historico\/wp-json\/wp\/v2\/users\/93"}],"replies":[{"embeddable":true,"href":"https:\/\/plazajuarez.mx\/historico\/wp-json\/wp\/v2\/comments?post=6186"}],"version-history":[{"count":0,"href":"https:\/\/plazajuarez.mx\/historico\/wp-json\/wp\/v2\/posts\/6186\/revisions"}],"wp:attachment":[{"href":"https:\/\/plazajuarez.mx\/historico\/wp-json\/wp\/v2\/media?parent=6186"}],"wp:term":[{"taxonomy":"category","embeddable":true,"href":"https:\/\/plazajuarez.mx\/historico\/wp-json\/wp\/v2\/categories?post=6186"},{"taxonomy":"post_tag","embeddable":true,"href":"https:\/\/plazajuarez.mx\/historico\/wp-json\/wp\/v2\/tags?post=6186"}],"curies":[{"name":"wp","href":"https:\/\/api.w.org\/{rel}","templated":true}]}}