{"id":6183,"date":"2015-06-06T05:00:00","date_gmt":"2015-06-06T05:00:00","guid":{"rendered":"http:\/\/plazajuarez.mx\/index\/index.php\/2015\/06\/06\/china-considera-irresponsables-las-acusaciones-de-ciberespionaje\/"},"modified":"2015-06-06T05:00:00","modified_gmt":"2015-06-06T05:00:00","slug":"china-considera-irresponsables-las-acusaciones-de-ciberespionaje","status":"publish","type":"post","link":"https:\/\/plazajuarez.mx\/historico\/china-considera-irresponsables-las-acusaciones-de-ciberespionaje\/","title":{"rendered":"China considera \u201cirresponsables\u201d  las acusaciones de ciberespionaje"},"content":{"rendered":"<p><span style=\"font-family: verdana,geneva; font-size: 10pt;\">Pek\u00edn.- China rechaz\u00f3 ayer las acusaciones de EU sobre su presunta responsabilidad en el caso de ciberespionaje a los datos de cuatro millones de empleados federales estadounidenses. En la rueda de prensa del Ministerio de Exteriores, el portavoz Hong Lei sostuvo que ese tipo de ciberataques \u201csuelen ser an\u00f3nimos y transfronterizos y es dif\u00edcil establecer sus or\u00edgenes\u201d.<\/span><\/p>\n<p>  <!--more-->  <\/p>\n<p>\u00a0<\/p>\n<p><span style=\"font-family: verdana,geneva; font-size: 10pt;\">El ciberataque, uno de los mayores en los \u00faltimos tiempos y detectado en abril, afecta a los datos en poder de la Oficina federal de Gesti\u00f3n de Personal (OPM, por sus siglas en ingl\u00e9s) de los funcionarios actuales y antiguos del Gobierno. Los medios estadounidenses citan a funcionarios del Ejecutivo seg\u00fan los cuales se cree que los piratas inform\u00e1ticos responsables proceden de China. A esa acusaci\u00f3n tambi\u00e9n se ha sumado la senadora Susan Collins, del Comit\u00e9 de Inteligencia de la c\u00e1mara alta estadounidense.<\/span><\/p>\n<p><span style=\"font-family: verdana,geneva; font-size: 10pt;\">\u201cNosotros siempre hemos subrayado que China se opone a cualquier forma de ciberespionaje\u201d, declar\u00f3 Hong. \u201cLos ciberataques son generalmente an\u00f3nimos y traspasan fronteras, y sus or\u00edgenes son dif\u00edciles de localizar\u201d, por lo que \u201cno llevar a cabo una investigaci\u00f3n a fondo y seguir usando palabras como \u201cpuede ser\u201d o \u201ces probable\u201d es irresponsable y poco cient\u00edfico\u201d. China \u201ctambi\u00e9n es objeto de ciberataques\u201d, subray\u00f3. (Agencias)<\/span><\/p>\n","protected":false},"excerpt":{"rendered":"<p>Pek\u00edn.- China rechaz\u00f3 ayer las acusaciones de EU sobre su presunta responsabilidad en el caso de ciberespionaje a los datos de cuatro millones de empleados federales estadounidenses. En la rueda de prensa del Ministerio de Exteriores, el portavoz Hong Lei sostuvo que ese tipo de ciberataques \u201csuelen ser an\u00f3nimos y transfronterizos y es dif\u00edcil establecer [&hellip;]<\/p>\n","protected":false},"author":1,"featured_media":0,"comment_status":"open","ping_status":"open","sticky":false,"template":"","format":"standard","meta":{"footnotes":""},"categories":[31],"tags":[],"class_list":["post-6183","post","type-post","status-publish","format-standard","hentry","category-orbe"],"_links":{"self":[{"href":"https:\/\/plazajuarez.mx\/historico\/wp-json\/wp\/v2\/posts\/6183","targetHints":{"allow":["GET"]}}],"collection":[{"href":"https:\/\/plazajuarez.mx\/historico\/wp-json\/wp\/v2\/posts"}],"about":[{"href":"https:\/\/plazajuarez.mx\/historico\/wp-json\/wp\/v2\/types\/post"}],"author":[{"embeddable":true,"href":"https:\/\/plazajuarez.mx\/historico\/wp-json\/wp\/v2\/users\/1"}],"replies":[{"embeddable":true,"href":"https:\/\/plazajuarez.mx\/historico\/wp-json\/wp\/v2\/comments?post=6183"}],"version-history":[{"count":0,"href":"https:\/\/plazajuarez.mx\/historico\/wp-json\/wp\/v2\/posts\/6183\/revisions"}],"wp:attachment":[{"href":"https:\/\/plazajuarez.mx\/historico\/wp-json\/wp\/v2\/media?parent=6183"}],"wp:term":[{"taxonomy":"category","embeddable":true,"href":"https:\/\/plazajuarez.mx\/historico\/wp-json\/wp\/v2\/categories?post=6183"},{"taxonomy":"post_tag","embeddable":true,"href":"https:\/\/plazajuarez.mx\/historico\/wp-json\/wp\/v2\/tags?post=6183"}],"curies":[{"name":"wp","href":"https:\/\/api.w.org\/{rel}","templated":true}]}}