{"id":6181,"date":"2015-06-06T05:00:00","date_gmt":"2015-06-06T05:00:00","guid":{"rendered":"http:\/\/plazajuarez.mx\/index\/index.php\/2015\/06\/06\/solo-dos-de-los-diez-talibenes-acusados-de-atentar-contra-malala-han-sido-condenados\/"},"modified":"2015-06-06T05:00:00","modified_gmt":"2015-06-06T05:00:00","slug":"solo-dos-de-los-diez-talibenes-acusados-de-atentar-contra-malala-han-sido-condenados","status":"publish","type":"post","link":"https:\/\/plazajuarez.mx\/historico\/solo-dos-de-los-diez-talibenes-acusados-de-atentar-contra-malala-han-sido-condenados\/","title":{"rendered":"S\u00f3lo dos de los diez talibenes acusados de atentar contra Malala han sido condenados"},"content":{"rendered":"<p><span style=\"font-family: verdana,geneva; font-size: 10pt;\">Ocho de los diez talibanes acusados de participar en el atentado de 2012 contra la premio Nobel de la Paz Malala Yusufzai han sido puestos en libertad por falta de pruebas tras un juicio realizado en secreto y en el que solo dos de ellos fueron declarados culpables y condenados a 25 a\u00f1os de c\u00e1rcel, seg\u00fan confirm\u00f3 la Embajada paquistan\u00ed en Londres a la cadena BBC.<\/span><\/p>\n<p>  <!--more-->  <\/p>\n<p>\u00a0<\/p>\n<p><span style=\"font-family: verdana,geneva; font-size: 10pt;\">Hace dos meses, fuentes oficiales paquistan\u00edes hab\u00edan informado de que los diez talibanes -ninguno de los cuales, cabe precisar, estaba acusado de efectuar los disparos contra la joven- hab\u00edan sido condenados a pasar un cuarto de siglo entre rejas.<\/span><\/p>\n<p><span style=\"font-family: verdana,geneva; font-size: 10pt;\">De hecho, un funcionario policial de la regi\u00f3n paquistan\u00ed de Swat hab\u00eda comparecido a finales de marzo ante los medios para anunciar las sentencias despu\u00e9s de que se demostrara \u00absu papel innegable en la planificaci\u00f3n y ejecuci\u00f3n del ataque\u00bb El fiscal del caso, Syed Naeem Khan, indic\u00f3 incluso que los diez talib\u00e1n \u00abhab\u00edan confesado ante el juez\u00bb.<\/span><\/p>\n<p><span style=\"font-family: verdana,geneva; font-size: 10pt;\">Sin embargo, el portavoz de la Embajada, Munir Ahmed, declar\u00f3 que el veredicto ha sido comunicado de manera err\u00f3nea y que ocho de los talibanes han resultado absueltos. Otras fuentes, como el jefe de Polic\u00eda Salim Marwat, han indicado que los ocho talibanes s\u00ed han sido condenados pero salieron de la c\u00e1rcel pocas semanas despu\u00e9s al ganar la apelaci\u00f3n contra el veredicto, que ha acabado \u00abrevocado por falta de pruebas\u00bb. (Agencias)<\/span><\/p>\n","protected":false},"excerpt":{"rendered":"<p>Ocho de los diez talibanes acusados de participar en el atentado de 2012 contra la premio Nobel de la Paz Malala Yusufzai han sido puestos en libertad por falta de pruebas tras un juicio realizado en secreto y en el que solo dos de ellos fueron declarados culpables y condenados a 25 a\u00f1os de c\u00e1rcel, [&hellip;]<\/p>\n","protected":false},"author":1,"featured_media":0,"comment_status":"open","ping_status":"open","sticky":false,"template":"","format":"standard","meta":{"footnotes":""},"categories":[31],"tags":[],"class_list":["post-6181","post","type-post","status-publish","format-standard","hentry","category-orbe"],"_links":{"self":[{"href":"https:\/\/plazajuarez.mx\/historico\/wp-json\/wp\/v2\/posts\/6181","targetHints":{"allow":["GET"]}}],"collection":[{"href":"https:\/\/plazajuarez.mx\/historico\/wp-json\/wp\/v2\/posts"}],"about":[{"href":"https:\/\/plazajuarez.mx\/historico\/wp-json\/wp\/v2\/types\/post"}],"author":[{"embeddable":true,"href":"https:\/\/plazajuarez.mx\/historico\/wp-json\/wp\/v2\/users\/1"}],"replies":[{"embeddable":true,"href":"https:\/\/plazajuarez.mx\/historico\/wp-json\/wp\/v2\/comments?post=6181"}],"version-history":[{"count":0,"href":"https:\/\/plazajuarez.mx\/historico\/wp-json\/wp\/v2\/posts\/6181\/revisions"}],"wp:attachment":[{"href":"https:\/\/plazajuarez.mx\/historico\/wp-json\/wp\/v2\/media?parent=6181"}],"wp:term":[{"taxonomy":"category","embeddable":true,"href":"https:\/\/plazajuarez.mx\/historico\/wp-json\/wp\/v2\/categories?post=6181"},{"taxonomy":"post_tag","embeddable":true,"href":"https:\/\/plazajuarez.mx\/historico\/wp-json\/wp\/v2\/tags?post=6181"}],"curies":[{"name":"wp","href":"https:\/\/api.w.org\/{rel}","templated":true}]}}