{"id":6180,"date":"2015-06-06T05:00:00","date_gmt":"2015-06-06T05:00:00","guid":{"rendered":"http:\/\/plazajuarez.mx\/index\/index.php\/2015\/06\/06\/estrasburgo-avala-que-se-deje-morir-a-un-hombre-en-estado-vegetativo\/"},"modified":"2015-06-06T05:00:00","modified_gmt":"2015-06-06T05:00:00","slug":"estrasburgo-avala-que-se-deje-morir-a-un-hombre-en-estado-vegetativo","status":"publish","type":"post","link":"https:\/\/plazajuarez.mx\/historico\/estrasburgo-avala-que-se-deje-morir-a-un-hombre-en-estado-vegetativo\/","title":{"rendered":"Estrasburgo avala que se deje morir a un hombre en estado vegetativo"},"content":{"rendered":"<p><span style=\"font-family: verdana,geneva; font-size: 10pt;\">Par\u00eds.- El llamado caso Lambert es un hito hist\u00f3rico para los defensores de la muerte digna. El Tribunal Europeo de Derechos Humanos, que se expresa por vez primera sobre el fondo de un asunto como este, aval\u00f3 ayer la decisi\u00f3n de la justicia francesa de retirar alimentaci\u00f3n e hidrataci\u00f3n artificial que mantienen vivo a Vincent Lambert, un enfermero de 38 a\u00f1os que qued\u00f3 tetrapl\u00e9jico y en estado vegetativo hace siete a\u00f1os en un accidente de moto. El caso lleg\u00f3 a los jueces europeos de Estrasburgo por la apelaci\u00f3n presentada por los padres de Lambert, de convicciones profundamente cat\u00f3licas.<\/span><\/p>\n<p>  <!--more-->  <\/p>\n<p>\u00a0<\/p>\n<p><span style=\"font-family: verdana,geneva; font-size: 10pt;\">Al igual que ocurri\u00f3 en Italia con el caso de Eluana Englaro, el de Lambert es el centro de un vivo debate en Francia sobre el derecho a una muerte digna.<\/span><\/p>\n<p><span style=\"font-family: verdana,geneva; font-size: 10pt;\">Las discrepancias en la familia de Vincent Lambert est\u00e1n en el origen de este debate franc\u00e9s ahora europeo y de la larga batalla judicial emprendida hace tres a\u00f1os, cuando, en aplicaci\u00f3n de la ley vigente francesa, los m\u00e9dicos del hospital universitario de Reims decidieron retirar el tratamiento al paciente.<\/span><\/p>\n<p><span style=\"font-family: verdana,geneva; font-size: 10pt;\">Los padres de Vincent Lambert, Pierre y Viviane, junto a una hermana y un cu\u00f1ado, plantearon batalla. Lograron detener la acci\u00f3n de los m\u00e9dicos, pero el Consejo de Estado franc\u00e9s dictamin\u00f3 el pasado a\u00f1o que la decisi\u00f3n sanitaria fue conforme a la ley. El inmediato recurso a Estrasburgo impidi\u00f3 desconectar a Lambert. Los jueces europeos de la Gran Sala, por doce votos contra cinco, han dado ahora la raz\u00f3n a Francia. No hay violaci\u00f3n del art\u00edculo 2 de la Convenci\u00f3n Europea de Derechos Humanos, han dictaminado, y se ha respetado la ley francesa en vigor que proh\u00edbe el encarnizamiento terap\u00e9utico en caso de enfermedad irreversible y, por tanto, autoriza el cese de los cuidados que mantengan su vida de manera artificial contra su voluntad.<\/span><\/p>\n<p><span style=\"font-family: verdana,geneva; font-size: 10pt;\">El mayor escollo de este asunto es que Vincent Lambert no expres\u00f3 su voluntad por escrito en un testamento vital. La decisi\u00f3n de interrumpir el tratamiento la tom\u00f3 el m\u00e9dico \u00c9ric Kariger, jefe de cuidados paliativos del hospital de Reims, tras consultar a seis m\u00e9dicos (tres de ellos externos), a su esposa Rachel Lambert y a seis de los ocho hermanos de Vincent, que corroboraron la voluntad del paciente antes del accidente de que no se le prolongara artificialmente la vida en caso de grave discapacidad como la que sufre. El Consejo de Estado analiz\u00f3 cuidadosamente el asunto y orden\u00f3 la retirada del tratamiento. (Agencias)<\/span><\/p>\n","protected":false},"excerpt":{"rendered":"<p>Par\u00eds.- El llamado caso Lambert es un hito hist\u00f3rico para los defensores de la muerte digna. El Tribunal Europeo de Derechos Humanos, que se expresa por vez primera sobre el fondo de un asunto como este, aval\u00f3 ayer la decisi\u00f3n de la justicia francesa de retirar alimentaci\u00f3n e hidrataci\u00f3n artificial que mantienen vivo a Vincent [&hellip;]<\/p>\n","protected":false},"author":1,"featured_media":0,"comment_status":"open","ping_status":"open","sticky":false,"template":"","format":"standard","meta":{"footnotes":""},"categories":[31],"tags":[],"class_list":["post-6180","post","type-post","status-publish","format-standard","hentry","category-orbe"],"_links":{"self":[{"href":"https:\/\/plazajuarez.mx\/historico\/wp-json\/wp\/v2\/posts\/6180","targetHints":{"allow":["GET"]}}],"collection":[{"href":"https:\/\/plazajuarez.mx\/historico\/wp-json\/wp\/v2\/posts"}],"about":[{"href":"https:\/\/plazajuarez.mx\/historico\/wp-json\/wp\/v2\/types\/post"}],"author":[{"embeddable":true,"href":"https:\/\/plazajuarez.mx\/historico\/wp-json\/wp\/v2\/users\/1"}],"replies":[{"embeddable":true,"href":"https:\/\/plazajuarez.mx\/historico\/wp-json\/wp\/v2\/comments?post=6180"}],"version-history":[{"count":0,"href":"https:\/\/plazajuarez.mx\/historico\/wp-json\/wp\/v2\/posts\/6180\/revisions"}],"wp:attachment":[{"href":"https:\/\/plazajuarez.mx\/historico\/wp-json\/wp\/v2\/media?parent=6180"}],"wp:term":[{"taxonomy":"category","embeddable":true,"href":"https:\/\/plazajuarez.mx\/historico\/wp-json\/wp\/v2\/categories?post=6180"},{"taxonomy":"post_tag","embeddable":true,"href":"https:\/\/plazajuarez.mx\/historico\/wp-json\/wp\/v2\/tags?post=6180"}],"curies":[{"name":"wp","href":"https:\/\/api.w.org\/{rel}","templated":true}]}}