{"id":6152,"date":"2015-06-06T05:00:00","date_gmt":"2015-06-06T05:00:00","guid":{"rendered":"http:\/\/plazajuarez.mx\/index\/index.php\/2015\/06\/06\/semana-de-productividad-en-conalep\/"},"modified":"2015-06-06T05:00:00","modified_gmt":"2015-06-06T05:00:00","slug":"semana-de-productividad-en-conalep","status":"publish","type":"post","link":"https:\/\/plazajuarez.mx\/historico\/semana-de-productividad-en-conalep\/","title":{"rendered":"Semana de Productividad en Conalep"},"content":{"rendered":"<p><span style=\"font-family: verdana,geneva; font-size: 10pt;\"><strong>Mineral de la Reforma<\/strong><\/span><\/p>\n<p><span style=\"font-family: verdana,geneva; font-size: 10pt;\">Alumnos del Conalep, plantel Pachuca, ubicado en Mineral de la Reforma iniciaron esta semana las actividades de la Segunda Semana de Productividad Industrial 2015.<\/span><\/p>\n<p>  <!--more-->  <\/p>\n<p>\u00a0<\/p>\n<p><span style=\"font-family: verdana,geneva; font-size: 10pt;\">\u00a0<\/span><\/p>\n<p><span style=\"font-family: verdana,geneva; font-size: 10pt;\">Los trabajos comenzaron con la presencia del director general de Conalep, del Presidente Municipal de Mineral de la Reforma y autoridades educativas; el tema en esta segunda edici\u00f3n es el Profesional T\u00e9cnico.<\/span><\/p>\n<p><span style=\"font-family: verdana,geneva; font-size: 10pt;\">\u00a0<\/span><\/p>\n<p><span style=\"font-family: verdana,geneva; font-size: 10pt;\">El Presidente Municipal reflexion\u00f3 sobre la importancia de los alumnos que estudian la carrera t\u00e9cnica de Productividad Industrial y la necesidad de estar preparados para ingresar al \u00e1mbito laboral con excelencia.<\/span><\/p>\n<p><span style=\"font-family: verdana,geneva; font-size: 10pt;\">\u00a0<\/span><\/p>\n<p><span style=\"font-family: verdana,geneva; font-size: 10pt;\">La perseverancia, pero sobre todo la actitud de los j\u00f3venes alumnos, les abrir\u00e1n las puertas a mejores condiciones laborales, asever\u00f3 el Alcalde mineralense.<\/span><\/p>\n<p><span style=\"font-family: verdana,geneva; font-size: 10pt;\">\u00a0<\/span><\/p>\n<p><span style=\"font-family: verdana,geneva; font-size: 10pt;\">Entre las actividades a desarrollarse destacan conferencias y casos de \u00e9xito de empresarios hidalguense, as\u00ed como visitas guiadas a industrias de procesos productivos y simulacros de evacuaci\u00f3n en caso de incendio; el objetivo es acercar a los alumnos de la carrera de Productividad a la vida laboral.<\/span><\/p>\n<p><span style=\"font-family: verdana,geneva; font-size: 10pt;\">\u00a0<\/span><\/p>\n<p><span style=\"font-family: verdana,geneva; font-size: 10pt;\">Actualizaciones del ramo es una motivaci\u00f3n para los y las alumnas de Conalep, que podr\u00e1n aprender en esta semana de trabajos enfocados a una mejor preparaci\u00f3n.<\/span><\/p>\n<p><span style=\"font-family: verdana,geneva; font-size: 10pt;\">\u00a0<\/span><\/p>\n<p><span style=\"font-family: verdana,geneva; font-size: 10pt;\">La vinculaci\u00f3n con empresarios es fundamental para el desarrollo y capacitaci\u00f3n de los alumnos, a fin de realizar sus pr\u00e1cticas profesionales en las empresas, para contar con egresados de alto nivel de competitividad.<\/span><\/p>\n<p><span style=\"font-family: verdana,geneva; font-size: 10pt;\">\u00a0<\/span><\/p>\n<p><span style=\"font-family: verdana,geneva; font-size: 10pt;\">Los alumnos deben de poner todo su esfuerzo para su formaci\u00f3n en la adquisici\u00f3n de valores, en el compromiso con el estudio y la participaci\u00f3n activa para que en su conjunto sean j\u00f3venes de alto grado de competitividad y logren poner en alto el nombre de su escuela.<\/span><\/p>\n<p><span style=\"font-family: verdana,geneva; font-size: 10pt;\">\u00a0<\/span><\/p>\n","protected":false},"excerpt":{"rendered":"<p>Mineral de la Reforma Alumnos del Conalep, plantel Pachuca, ubicado en Mineral de la Reforma iniciaron esta semana las actividades de la Segunda Semana de Productividad Industrial 2015.<\/p>\n","protected":false},"author":1,"featured_media":0,"comment_status":"open","ping_status":"open","sticky":false,"template":"","format":"standard","meta":{"footnotes":""},"categories":[40],"tags":[],"class_list":["post-6152","post","type-post","status-publish","format-standard","hentry","category-region"],"_links":{"self":[{"href":"https:\/\/plazajuarez.mx\/historico\/wp-json\/wp\/v2\/posts\/6152","targetHints":{"allow":["GET"]}}],"collection":[{"href":"https:\/\/plazajuarez.mx\/historico\/wp-json\/wp\/v2\/posts"}],"about":[{"href":"https:\/\/plazajuarez.mx\/historico\/wp-json\/wp\/v2\/types\/post"}],"author":[{"embeddable":true,"href":"https:\/\/plazajuarez.mx\/historico\/wp-json\/wp\/v2\/users\/1"}],"replies":[{"embeddable":true,"href":"https:\/\/plazajuarez.mx\/historico\/wp-json\/wp\/v2\/comments?post=6152"}],"version-history":[{"count":0,"href":"https:\/\/plazajuarez.mx\/historico\/wp-json\/wp\/v2\/posts\/6152\/revisions"}],"wp:attachment":[{"href":"https:\/\/plazajuarez.mx\/historico\/wp-json\/wp\/v2\/media?parent=6152"}],"wp:term":[{"taxonomy":"category","embeddable":true,"href":"https:\/\/plazajuarez.mx\/historico\/wp-json\/wp\/v2\/categories?post=6152"},{"taxonomy":"post_tag","embeddable":true,"href":"https:\/\/plazajuarez.mx\/historico\/wp-json\/wp\/v2\/tags?post=6152"}],"curies":[{"name":"wp","href":"https:\/\/api.w.org\/{rel}","templated":true}]}}