{"id":6150,"date":"2015-06-06T05:00:00","date_gmt":"2015-06-06T05:00:00","guid":{"rendered":"http:\/\/plazajuarez.mx\/index\/index.php\/2015\/06\/06\/vuelco-de-camioneta-cobra-una-vida\/"},"modified":"2015-06-06T05:00:00","modified_gmt":"2015-06-06T05:00:00","slug":"vuelco-de-camioneta-cobra-una-vida","status":"publish","type":"post","link":"https:\/\/plazajuarez.mx\/historico\/vuelco-de-camioneta-cobra-una-vida\/","title":{"rendered":"Vuelco de camioneta cobra una vida"},"content":{"rendered":"<p><span style=\"font-family: verdana,geneva; font-size: 10pt;\">El manejar con velocidad inmoderada y la falta de precauci\u00f3n, generaron un accidente de tr\u00e1nsito terrestre que dej\u00f3 saldo rojo de un muerto y cuantiosas p\u00e9rdidas materiales, en la carretera estatal que va de la localidad de Santa Ana a Tulancingo, donde desafortunadamente el tripulante de una camioneta perdi\u00f3 la vida en el lugar del siniestro.<\/span><\/p>\n<p>  <!--more-->  <\/p>\n<p>\u00a0<\/p>\n<p><span style=\"font-family: verdana,geneva; font-size: 10pt;\">Fueron automovilistas que transitaban por esa v\u00eda de comunicaci\u00f3n, los que alertaron v\u00eda telef\u00f3nica al 066 de Emergencias, solicitando la pronta intervenci\u00f3n de socorristas, ya que en el interior de la unidad que qued\u00f3 con las llantas hacia el cielo adem\u00e1s de que sufri\u00f3 cuantiosas p\u00e9rdidas materiales, se encontraba un masculino debati\u00e9ndose entre la vida y la muerte.<\/span><\/p>\n<p><span style=\"font-family: verdana,geneva; font-size: 10pt;\">Al lugar prontamente arribaron socorristas de la Cruz Roja y param\u00e9dicos de Protecci\u00f3n Civil Municipal de Tulancingo, quienes de inmediato procedieron a tomarle los signos vitales al infortunado, pero de inmediato reportaron que el conductor de la unidad ya hab\u00eda perdido la vida.<\/span><\/p>\n<p><span style=\"font-family: verdana,geneva; font-size: 10pt;\">En el sitio se tuvo la asistencia de elementos de la Coordinaci\u00f3n de Seguridad Estatal, comisionados a la delegaci\u00f3n Regional de Tulancingo, quienes tomaron conocimiento del percance que seg\u00f3 una vida humana.<\/span><\/p>\n<p><span style=\"font-family: verdana,geneva; font-size: 10pt;\">As\u00ed mismo, se tuvo la presencia de oficiales de las Polic\u00edas Municipales de la regi\u00f3n Tulancingo, quienes se encargaron de acordonar el \u00e1rea del siniestro y dieron vialidad a los automovilistas que transitaban por el tramo carretero donde se suscit\u00f3 el mortal percance.<\/span><\/p>\n<p><span style=\"font-family: verdana,geneva; font-size: 10pt;\">Por el deceso del masculino se dio intervenci\u00f3n al agente del Ministerio P\u00fablico, quien acudi\u00f3 al sitio indicado para dar fe de lo acontecido y dio inicio a la averiguaci\u00f3n previa correspondiente.<\/span><\/p>\n<p><span style=\"font-family: verdana,geneva; font-size: 10pt;\">Posteriormente, al lugar llegaron elementos de la Coordinaci\u00f3n de Investigaci\u00f3n, adscritos al grupo Tulancingo, quienes tambi\u00e9n tomaron conocimiento del accidente, en el que perdi\u00f3 la vida un hombre de aproximadamente 43 a\u00f1os tras volcarse en su camioneta.<\/span><\/p>\n<p><span style=\"font-family: verdana,geneva; font-size: 10pt;\">Durante sus diligencias, el representante social dio a conocer que en las pertenencias de la v\u00edctima se localiz\u00f3 una credencial con fotograf\u00eda, cuyos rasgos coinciden con el ahora occiso, documento que fue expedido a nombre de Isidro G\u00f3mez y al t\u00e9rmino de su labor, el funcionario p\u00fablico orden\u00f3 al personal de Servicios Periciales, el levantamiento y traslado del cad\u00e1ver al Servicio M\u00e9dico Forense para la pr\u00e1ctica de la necroscopia de ley.<\/span><\/p>\n<p><span style=\"font-family: verdana,geneva; font-size: 10pt;\">Importante es mencionar que un d\u00eda antes, por la madrugada, en la carretera Estatal Pachuca- Tulancingo se registr\u00f3 otro mortal accidente en el que un pastor evang\u00e9lico que viajaba con su esposa, fallecieron luego de impactarse y ser arrastrada la unidad en la que transitaban por un tr\u00e1iler, cuyo conductor luego del siniestro se dio a la fuga con direcci\u00f3n a esta capital hidalguense.<\/span><\/p>\n<p><span style=\"font-family: verdana,geneva; font-size: 10pt;\">De ello la Procuradur\u00eda General de Justicia del estado de Hidalgo confirm\u00f3 el percance e inform\u00f3 que por la muerte de las dos personas se dio inicio a la averiguaci\u00f3n previa n\u00famero 18\/HG\/339\/2015.<\/span><\/p>\n<p><span style=\"font-family: verdana,geneva; font-size: 10pt;\">As\u00ed mismo se supo que los infortunados fueron Sa\u00fal Olvera Trejo y Mar\u00eda Sof\u00eda El\u00edas Cordero de 65 y 69 a\u00f1os de edad respectivamente, quienes circulaban de Pachuca a la ciudad de Tulancingo, pero a la altura de la comunidad de Mat\u00edas Rodr\u00edguez un tr\u00e1iler se paso al otro carril y se impactaron con la pesada unidad, que arrastr\u00f3 el auto compacto en el que viajaban.<\/span><\/p>\n<p><span style=\"font-family: verdana,geneva; font-size: 10pt;\">Los informes refieren que el conductor de la unidad perdi\u00f3 la vida en el lugar del siniestro, mientras que socorristas de la Cruz Roja proporcionaron las primeras atenciones a su acompa\u00f1ante, quien se debat\u00eda entre la vida y la muerte, por lo que luego de lograr estabilizarla la trasladaron de urgencia al Hospital General de Pachuca, pero en el nosocomio por las graves heridas que sufri\u00f3, la mujer dej\u00f3 de existir.<\/span><\/p>\n<p><span style=\"font-family: verdana,geneva; font-size: 10pt;\">Por ello el representante social tuvo que acudir al nosocomio para dar fe del cad\u00e1ver de la infortunada, y luego de la pr\u00e1ctica de la necroscopia de los cad\u00e1veres de las v\u00edctimas, el resultado refiere que la causa de muerte de ambas personas fue por conjunto de traumatismo toraco abdominal.<\/span><\/p>\n","protected":false},"excerpt":{"rendered":"<p>El manejar con velocidad inmoderada y la falta de precauci\u00f3n, generaron un accidente de tr\u00e1nsito terrestre que dej\u00f3 saldo rojo de un muerto y cuantiosas p\u00e9rdidas materiales, en la carretera estatal que va de la localidad de Santa Ana a Tulancingo, donde desafortunadamente el tripulante de una camioneta perdi\u00f3 la vida en el lugar del [&hellip;]<\/p>\n","protected":false},"author":1,"featured_media":0,"comment_status":"open","ping_status":"open","sticky":false,"template":"","format":"standard","meta":{"footnotes":""},"categories":[37],"tags":[],"class_list":["post-6150","post","type-post","status-publish","format-standard","hentry","category-barandilla"],"_links":{"self":[{"href":"https:\/\/plazajuarez.mx\/historico\/wp-json\/wp\/v2\/posts\/6150","targetHints":{"allow":["GET"]}}],"collection":[{"href":"https:\/\/plazajuarez.mx\/historico\/wp-json\/wp\/v2\/posts"}],"about":[{"href":"https:\/\/plazajuarez.mx\/historico\/wp-json\/wp\/v2\/types\/post"}],"author":[{"embeddable":true,"href":"https:\/\/plazajuarez.mx\/historico\/wp-json\/wp\/v2\/users\/1"}],"replies":[{"embeddable":true,"href":"https:\/\/plazajuarez.mx\/historico\/wp-json\/wp\/v2\/comments?post=6150"}],"version-history":[{"count":0,"href":"https:\/\/plazajuarez.mx\/historico\/wp-json\/wp\/v2\/posts\/6150\/revisions"}],"wp:attachment":[{"href":"https:\/\/plazajuarez.mx\/historico\/wp-json\/wp\/v2\/media?parent=6150"}],"wp:term":[{"taxonomy":"category","embeddable":true,"href":"https:\/\/plazajuarez.mx\/historico\/wp-json\/wp\/v2\/categories?post=6150"},{"taxonomy":"post_tag","embeddable":true,"href":"https:\/\/plazajuarez.mx\/historico\/wp-json\/wp\/v2\/tags?post=6150"}],"curies":[{"name":"wp","href":"https:\/\/api.w.org\/{rel}","templated":true}]}}