{"id":6149,"date":"2015-06-06T05:00:00","date_gmt":"2015-06-06T05:00:00","guid":{"rendered":"http:\/\/plazajuarez.mx\/index\/index.php\/2015\/06\/06\/proteccion-civil-capacita-a-alumnos-y-padres-de-familia\/"},"modified":"2015-06-06T05:00:00","modified_gmt":"2015-06-06T05:00:00","slug":"proteccion-civil-capacita-a-alumnos-y-padres-de-familia","status":"publish","type":"post","link":"https:\/\/plazajuarez.mx\/historico\/proteccion-civil-capacita-a-alumnos-y-padres-de-familia\/","title":{"rendered":"Protecci\u00f3n Civil capacita a alumnos y padres de familia"},"content":{"rendered":"<p><span style=\"font-family: verdana,geneva; font-size: 10pt;\">Personal de Protecci\u00f3n Civil en el municipio de Tizayuca implement\u00f3 un taller con la finalidad de que padres de familia sepan actuar en casos de riesgo o situaciones de emergencia, de esta forma se pretende el disminuir los accidentes que ponen en riesgo la vida de los menores de edad.<\/span><\/p>\n<p>  <!--more-->  <\/p>\n<p>\u00a0<\/p>\n<p><span style=\"font-family: verdana,geneva; font-size: 10pt;\">La Direcci\u00f3n de Protecci\u00f3n Civil de Bomberos de Tizayuca llev\u00f3 a cabo el curso de capacitaci\u00f3n en el Jard\u00edn de Ni\u00f1os \u201c\u00c1ngel Jim\u00e9nez Morales\u201d, ubicado en la comunidad de Tepojaco. En este taller participaron un total de 23 personas, que son miembros del \u00e1rea directiva, apoyo t\u00e9cnico y de la junta de padres de familia.<\/span><\/p>\n<p><span style=\"font-family: verdana,geneva; font-size: 10pt;\">Dicha capacitaci\u00f3n se denomin\u00f3 \u201cCurso Integral de Protecci\u00f3n Civil\u201d y corri\u00f3 a cargo de Arturo Hern\u00e1ndez Osorio, director de Bomberos y Juan Jos\u00e9 Haro Ordaz, encargado de turno, quienes hicieron referencia a temas como: R.C.C.P. (Reanimaci\u00f3n Cardio-Cerebro Pulmonar), maniobras de Hemlinch o Ovace (Obstrucci\u00f3n de la V\u00eda A\u00e9rea por Cuerpo Extra\u00f1o) y conato de incendio.<\/span><\/p>\n<p><span style=\"font-family: verdana,geneva; font-size: 10pt;\">En este curso se cont\u00f3 con la participaci\u00f3n de todos y cada uno de los asistentes, incluyendo a Mar\u00eda Aeropagita Soto Garc\u00eda, directora del jard\u00edn de ni\u00f1os, quien agradeci\u00f3 el apoyo del Gobierno Municipal y la participaci\u00f3n de los elementos de la Direcci\u00f3n General de Protecci\u00f3n Civil y Bomberos<\/span><\/p>\n<p><span style=\"font-family: verdana,geneva; font-size: 10pt;\">Cabe hacer menci\u00f3n que las autoridades municipales encabezadas por el presidente municipal y el secretario de seguridad p\u00fablica, est\u00e1n convencidos en apostarle a la prevenci\u00f3n, siendo m\u00e1s eficaz la implementaci\u00f3n de programas de prevenci\u00f3n y fomento de valores, recordando que los valores y la educaci\u00f3n comienzan en casa.<\/span><\/p>\n","protected":false},"excerpt":{"rendered":"<p>Personal de Protecci\u00f3n Civil en el municipio de Tizayuca implement\u00f3 un taller con la finalidad de que padres de familia sepan actuar en casos de riesgo o situaciones de emergencia, de esta forma se pretende el disminuir los accidentes que ponen en riesgo la vida de los menores de edad.<\/p>\n","protected":false},"author":1,"featured_media":0,"comment_status":"open","ping_status":"open","sticky":false,"template":"","format":"standard","meta":{"footnotes":""},"categories":[37],"tags":[],"class_list":["post-6149","post","type-post","status-publish","format-standard","hentry","category-barandilla"],"_links":{"self":[{"href":"https:\/\/plazajuarez.mx\/historico\/wp-json\/wp\/v2\/posts\/6149","targetHints":{"allow":["GET"]}}],"collection":[{"href":"https:\/\/plazajuarez.mx\/historico\/wp-json\/wp\/v2\/posts"}],"about":[{"href":"https:\/\/plazajuarez.mx\/historico\/wp-json\/wp\/v2\/types\/post"}],"author":[{"embeddable":true,"href":"https:\/\/plazajuarez.mx\/historico\/wp-json\/wp\/v2\/users\/1"}],"replies":[{"embeddable":true,"href":"https:\/\/plazajuarez.mx\/historico\/wp-json\/wp\/v2\/comments?post=6149"}],"version-history":[{"count":0,"href":"https:\/\/plazajuarez.mx\/historico\/wp-json\/wp\/v2\/posts\/6149\/revisions"}],"wp:attachment":[{"href":"https:\/\/plazajuarez.mx\/historico\/wp-json\/wp\/v2\/media?parent=6149"}],"wp:term":[{"taxonomy":"category","embeddable":true,"href":"https:\/\/plazajuarez.mx\/historico\/wp-json\/wp\/v2\/categories?post=6149"},{"taxonomy":"post_tag","embeddable":true,"href":"https:\/\/plazajuarez.mx\/historico\/wp-json\/wp\/v2\/tags?post=6149"}],"curies":[{"name":"wp","href":"https:\/\/api.w.org\/{rel}","templated":true}]}}