{"id":6145,"date":"2015-06-06T05:00:00","date_gmt":"2015-06-06T05:00:00","guid":{"rendered":"http:\/\/plazajuarez.mx\/index\/index.php\/2015\/06\/06\/detienen-a-sujeto-por-balear-a-colaboradores-de-candidata\/"},"modified":"2015-06-06T05:00:00","modified_gmt":"2015-06-06T05:00:00","slug":"detienen-a-sujeto-por-balear-a-colaboradores-de-candidata","status":"publish","type":"post","link":"https:\/\/plazajuarez.mx\/historico\/detienen-a-sujeto-por-balear-a-colaboradores-de-candidata\/","title":{"rendered":"Detienen a sujeto por balear a colaboradores de candidata"},"content":{"rendered":"<p><span style=\"font-family: verdana,geneva; font-size: 10pt;\">La Secretar\u00eda de Seguridad P\u00fablica del Distrito Federal (SSP-DF) inform\u00f3 que una persona fue arrestada tras las agresiones que sufrieron dos colaboradores de la candidata a jefa delegacional en Xochimilco por el Partido de la Revoluci\u00f3n Democr\u00e1tica (PRD), Ana Julia Hern\u00e1ndez P\u00e9rez, la noche del jueves.<\/span><\/p>\n<p>  <!--more-->  <\/p>\n<p>\u00a0<\/p>\n<p><span style=\"font-family: verdana,geneva; font-size: 10pt;\">Despu\u00e9s de que varios sujetos dispararon contra los tripulantes del auto Mazda, placas MUD-36-00, en la esquina de las calles Gladiolas y Rosas, en la colonia San Marcos, delegaci\u00f3n Xochimilco, la patrulla DF-508-R1 acudi\u00f3 al lugar.<\/span><\/p>\n<p><span style=\"font-family: verdana,geneva; font-size: 10pt;\">Fueron polic\u00edas adscritos a la Unidad de Protecci\u00f3n Ciudadana (UPC) La Noria quienes aprehendieron a uno de los atacantes y lo puso a disposici\u00f3n de las autoridades competentes, mencion\u00f3 la corporaci\u00f3n.<\/span><\/p>\n<p><span style=\"font-family: verdana,geneva; font-size: 10pt;\">De acuerdo con la SSP-DF, aproximadamente a las 23:53 horas ocurri\u00f3 la agresi\u00f3n contra el Secretario de Finanzas de la candidata, Fernando \u201cR\u201d, de 43 a\u00f1os de edad, y su acompa\u00f1ante Norma \u201cK\u201d Villanueva, de 25 a\u00f1os.<\/span><\/p>\n<p><span style=\"font-family: verdana,geneva; font-size: 10pt;\">Tras el tiroteo, param\u00e9dicos del Escuadr\u00f3n de Rescate y Urgencias M\u00e9dicas (ERUM) llegaron al sitio, a bordo de la ambulancia DF-067-G2, para ayudar a las v\u00edctimas.<\/span><\/p>\n<p><span style=\"font-family: verdana,geneva; font-size: 10pt;\">Fernando Rodr\u00edguez recibi\u00f3 varios impactos de bala en el cuerpo y tras recibir los primeros auxilios, fue trasladado al hospital M\u00e9dica Sur.<\/span><\/p>\n<p><span style=\"font-family: verdana,geneva; font-size: 10pt;\">Mientras que Karina present\u00f3 una lesi\u00f3n por proyectil de arma de fuego en pelvis y un roz\u00f3n de bala en el brazo izquierdo. Despu\u00e9s de recibir la atenci\u00f3n m\u00e9dica necesaria, fue trasladada a un hospital particular, a bordo de la ambulancia con placas KZ95115.<\/span><\/p>\n","protected":false},"excerpt":{"rendered":"<p>La Secretar\u00eda de Seguridad P\u00fablica del Distrito Federal (SSP-DF) inform\u00f3 que una persona fue arrestada tras las agresiones que sufrieron dos colaboradores de la candidata a jefa delegacional en Xochimilco por el Partido de la Revoluci\u00f3n Democr\u00e1tica (PRD), Ana Julia Hern\u00e1ndez P\u00e9rez, la noche del jueves.<\/p>\n","protected":false},"author":1,"featured_media":0,"comment_status":"open","ping_status":"open","sticky":false,"template":"","format":"standard","meta":{"footnotes":""},"categories":[37],"tags":[],"class_list":["post-6145","post","type-post","status-publish","format-standard","hentry","category-barandilla"],"_links":{"self":[{"href":"https:\/\/plazajuarez.mx\/historico\/wp-json\/wp\/v2\/posts\/6145","targetHints":{"allow":["GET"]}}],"collection":[{"href":"https:\/\/plazajuarez.mx\/historico\/wp-json\/wp\/v2\/posts"}],"about":[{"href":"https:\/\/plazajuarez.mx\/historico\/wp-json\/wp\/v2\/types\/post"}],"author":[{"embeddable":true,"href":"https:\/\/plazajuarez.mx\/historico\/wp-json\/wp\/v2\/users\/1"}],"replies":[{"embeddable":true,"href":"https:\/\/plazajuarez.mx\/historico\/wp-json\/wp\/v2\/comments?post=6145"}],"version-history":[{"count":0,"href":"https:\/\/plazajuarez.mx\/historico\/wp-json\/wp\/v2\/posts\/6145\/revisions"}],"wp:attachment":[{"href":"https:\/\/plazajuarez.mx\/historico\/wp-json\/wp\/v2\/media?parent=6145"}],"wp:term":[{"taxonomy":"category","embeddable":true,"href":"https:\/\/plazajuarez.mx\/historico\/wp-json\/wp\/v2\/categories?post=6145"},{"taxonomy":"post_tag","embeddable":true,"href":"https:\/\/plazajuarez.mx\/historico\/wp-json\/wp\/v2\/tags?post=6145"}],"curies":[{"name":"wp","href":"https:\/\/api.w.org\/{rel}","templated":true}]}}