{"id":6143,"date":"2015-06-06T05:00:00","date_gmt":"2015-06-06T05:00:00","guid":{"rendered":"http:\/\/plazajuarez.mx\/index\/index.php\/2015\/06\/06\/encapuchados-atacan-a-estudiantes-de-universidad-veracruzana\/"},"modified":"2015-06-06T05:00:00","modified_gmt":"2015-06-06T05:00:00","slug":"encapuchados-atacan-a-estudiantes-de-universidad-veracruzana","status":"publish","type":"post","link":"https:\/\/plazajuarez.mx\/historico\/encapuchados-atacan-a-estudiantes-de-universidad-veracruzana\/","title":{"rendered":"Encapuchados atacan a estudiantes de Universidad Veracruzana"},"content":{"rendered":"<p><span style=\"font-family: verdana,geneva; font-size: 10pt;\">La madrugada del viernes, estudiantes de la Universidad Veracruzana (UV) fueron atacados por sujetos encapuchados mientras dorm\u00edan en una vivienda en la ciudad de Xalapa.<\/span><\/p>\n<p>  <!--more-->  <\/p>\n<p>\u00a0<\/p>\n<p><span style=\"font-family: verdana,geneva; font-size: 10pt;\">Los hechos fueron denunciados ante la Fiscal\u00eda de Veracruz, quien conden\u00f3 la agresi\u00f3n y se comprometi\u00f3 a dar con los responsables.<\/span><\/p>\n<p><span style=\"font-family: verdana,geneva; font-size: 10pt;\">De acuerdo con informaci\u00f3n de la Fiscal\u00eda, durante la madrugada, el Centro de Control, Comando, Comunicaciones y C\u00f3mputo (C4) recibi\u00f3 el reporte de ocho j\u00f3venes que mientras dorm\u00edan al interior de una vivienda en la colonia Ferrer Guardia, resultaron golpeados por encapuchados, quienes presuntamente viajaban a bordo de dos veh\u00edculos.<\/span><\/p>\n<p><span style=\"font-family: verdana,geneva; font-size: 10pt;\">En torno a los hechos, el fiscal de Veracruz, Luis \u00c1ngel Bravo Contreras, declar\u00f3: \u201cLlegaremos hasta las \u00faltimas consecuencias y enfrentaremos a quien resulte responsable con la acci\u00f3n de la justicia. No permitiremos que queden impunes los actos que denigren la integridad de los ciudadanos, indistintamente de quien se trate\u201d.<\/span><\/p>\n<p><span style=\"font-family: verdana,geneva; font-size: 10pt;\">En d\u00edas pasados, un grupo de personas cometi\u00f3 actos vand\u00e1licos en un m\u00f3dulo del Instituto Nacional Electoral (INE) del mismo municipio, por lo que se investiga si los hechos ocurridos esta madrugada tienen alguna relaci\u00f3n.<\/span><\/p>\n","protected":false},"excerpt":{"rendered":"<p>La madrugada del viernes, estudiantes de la Universidad Veracruzana (UV) fueron atacados por sujetos encapuchados mientras dorm\u00edan en una vivienda en la ciudad de Xalapa.<\/p>\n","protected":false},"author":1,"featured_media":0,"comment_status":"open","ping_status":"open","sticky":false,"template":"","format":"standard","meta":{"footnotes":""},"categories":[37],"tags":[],"class_list":["post-6143","post","type-post","status-publish","format-standard","hentry","category-barandilla"],"_links":{"self":[{"href":"https:\/\/plazajuarez.mx\/historico\/wp-json\/wp\/v2\/posts\/6143","targetHints":{"allow":["GET"]}}],"collection":[{"href":"https:\/\/plazajuarez.mx\/historico\/wp-json\/wp\/v2\/posts"}],"about":[{"href":"https:\/\/plazajuarez.mx\/historico\/wp-json\/wp\/v2\/types\/post"}],"author":[{"embeddable":true,"href":"https:\/\/plazajuarez.mx\/historico\/wp-json\/wp\/v2\/users\/1"}],"replies":[{"embeddable":true,"href":"https:\/\/plazajuarez.mx\/historico\/wp-json\/wp\/v2\/comments?post=6143"}],"version-history":[{"count":0,"href":"https:\/\/plazajuarez.mx\/historico\/wp-json\/wp\/v2\/posts\/6143\/revisions"}],"wp:attachment":[{"href":"https:\/\/plazajuarez.mx\/historico\/wp-json\/wp\/v2\/media?parent=6143"}],"wp:term":[{"taxonomy":"category","embeddable":true,"href":"https:\/\/plazajuarez.mx\/historico\/wp-json\/wp\/v2\/categories?post=6143"},{"taxonomy":"post_tag","embeddable":true,"href":"https:\/\/plazajuarez.mx\/historico\/wp-json\/wp\/v2\/tags?post=6143"}],"curies":[{"name":"wp","href":"https:\/\/api.w.org\/{rel}","templated":true}]}}