{"id":6139,"date":"2015-06-06T05:00:00","date_gmt":"2015-06-06T05:00:00","guid":{"rendered":"http:\/\/plazajuarez.mx\/index\/index.php\/2015\/06\/06\/mexico-debe-iniciar-el-camino-hacia-la-gobernanza-digital-miembro-de-la-academia-de-ingenieria-de-mexico\/"},"modified":"2015-06-06T05:00:00","modified_gmt":"2015-06-06T05:00:00","slug":"mexico-debe-iniciar-el-camino-hacia-la-gobernanza-digital-miembro-de-la-academia-de-ingenieria-de-mexico","status":"publish","type":"post","link":"https:\/\/plazajuarez.mx\/historico\/mexico-debe-iniciar-el-camino-hacia-la-gobernanza-digital-miembro-de-la-academia-de-ingenieria-de-mexico\/","title":{"rendered":"M\u00e9xico debe iniciar el camino hacia la gobernanza digital: miembro de la Academia de Ingenier\u00eda de M\u00e9xico"},"content":{"rendered":"<p><span style=\"font-family: verdana,geneva; font-size: 10pt;\">El objetivo de llegar a la gobernanza digital en primera instancia es establecer estrategias de aprovechamiento de las Tecnolog\u00edas de la Informaci\u00f3n y la Comunicaci\u00f3n para fomentar el desarrollo de ciudadanos participativos que se involucren en la toma de decisiones.<\/span><\/p>\n<p>  <!--more-->  <\/p>\n<p>\u00a0<\/p>\n<p><span style=\"font-family: verdana,geneva; font-size: 10pt;\">El concepto de gobernanza digital se refiere al uso de las tecnolog\u00edas de informaci\u00f3n y comunicaciones (TIC) donde participan la ciudadan\u00eda y el gobierno a fin de satisfacer los requerimientos de ambos.<\/span><\/p>\n<p><span style=\"font-family: verdana,geneva; font-size: 10pt;\">Al respecto, el ingeniero en Comunicaciones y Electr\u00f3nica por la Escuela Superior de Ingenier\u00eda Mec\u00e1nica y El\u00e9ctrica, del Instituto Polit\u00e9cnico Nacional (IPN), Javier P\u00e9rez Mazat\u00e1n, propone que para lograr un mayor impacto social, econ\u00f3mico y pol\u00edtico de M\u00e9xico debe existir una interoperabilidad entre distintos niveles de gobierno que integre a los tres poderes del Estado, sociedad civil, organizaci\u00f3n digital y universidades, a trav\u00e9s de una estrategia digital que emplee el uso de redes sociales.<\/span><\/p>\n<p><span style=\"font-family: verdana,geneva; font-size: 10pt;\">Bajo ese esquema, la interacci\u00f3n entre ellos ser\u00e1 a trav\u00e9s de las redes sociales, de las que existen diferentes tipos: las empleadas de manera privada y las que se usan para inteligencia colectiva, donde se conjunta el conocimiento de la sociedad, sin dejar de lado la participaci\u00f3n ciudadana, comunicaci\u00f3n, y coordinaci\u00f3n bidireccional.<\/span><\/p>\n<p><span style=\"font-family: verdana,geneva; font-size: 10pt;\">A las redes sociales se accede v\u00eda internet, y para llevarlo a todo el pa\u00eds ya se trabaja con el proyecto \u201cM\u00e9xico Conectado\u201d, de la Secretar\u00eda de Comunicaciones y Transportes, mismo que tiene la intenci\u00f3n de brindar acceso de banda ancha a la Rep\u00fablica.<\/span><\/p>\n<p><span style=\"font-family: verdana,geneva; font-size: 10pt;\">El reto es transformar el paradigma actual de gobierno receptivo hacia una gobernanza digital donde la principal caracter\u00edstica sea la participaci\u00f3n de la sociedad de la informaci\u00f3n. Sin embargo, si el gobierno no tiene la capacidad de aprovechar esta informaci\u00f3n, o la big data le puede resultar un arma de dos filos y ser contraproducente para las autoridades federales, coment\u00f3 el ingeniero Mazat\u00e1n.<\/span><\/p>\n<p><span style=\"font-family: verdana,geneva; font-size: 10pt;\">\u201cAl existir una gobernanza digital, la sociedad de la informaci\u00f3n en la cual todos los sectores de la poblaci\u00f3n nos desarrollaremos en un entorno de igualdad de oportunidades de acceso a la informaci\u00f3n y con ella el conocimiento. Para lograr ello deber\u00e1 existir una conexi\u00f3n entre los ciudadanos, los procesos gubernamentales y la tecnolog\u00eda actual como las redes sociales que permitir\u00e1n esta interconectividad\u201d, detall\u00f3 el tambi\u00e9n ex coordinador del Sistema Nacional e-M\u00e9xico.<\/span><\/p>\n<p><span style=\"font-family: verdana,geneva; font-size: 10pt;\">P\u00e9rez Mazat\u00e1n, quien ingres\u00f3 a la Academia de Ingenier\u00eda de M\u00e9xico en abril de 2015, sustenta que la inteligencia colectiva genera conocimiento y \u00e9sta puede transmitirse a trav\u00e9s de sistemas de informaci\u00f3n, como las actuales redes sociales; pero es indispensable que todos los integrantes de la sociedad, personas y autoridades gubernamentales intervengan.<\/span><\/p>\n<p><span style=\"font-family: verdana,geneva; font-size: 10pt;\">El especialista apela que para llegar \u201cal M\u00e9xico del conocimiento se debe abrir el acceso a la informaci\u00f3n y la alfabetizaci\u00f3n digital, a fin de llegar al estatus de pa\u00eds m\u00f3vil, luego al de ubicuidad, donde exista la suficiente banda ancha para transmitir mayor informaci\u00f3n, finalmente la tercera etapa derivar\u00e1 en el M\u00e9xico del conocimiento\u201d.<\/span><\/p>\n<p><span style=\"font-family: verdana,geneva; font-size: 10pt;\">Sin embargo, los retos para llegar a la gobernanza digital son el limitado acceso a la banda ancha que existe en M\u00e9xico y la necesidad de optimizar la infraestructura de las tecnolog\u00edas de la informaci\u00f3n y computaci\u00f3n para llegar a ser un pa\u00eds realmente conectado. (Agencia ID)<\/span><\/p>\n","protected":false},"excerpt":{"rendered":"<p>El objetivo de llegar a la gobernanza digital en primera instancia es establecer estrategias de aprovechamiento de las Tecnolog\u00edas de la Informaci\u00f3n y la Comunicaci\u00f3n para fomentar el desarrollo de ciudadanos participativos que se involucren en la toma de decisiones.<\/p>\n","protected":false},"author":1,"featured_media":0,"comment_status":"open","ping_status":"open","sticky":false,"template":"","format":"standard","meta":{"footnotes":""},"categories":[59],"tags":[],"class_list":["post-6139","post","type-post","status-publish","format-standard","hentry","category-general"],"_links":{"self":[{"href":"https:\/\/plazajuarez.mx\/historico\/wp-json\/wp\/v2\/posts\/6139","targetHints":{"allow":["GET"]}}],"collection":[{"href":"https:\/\/plazajuarez.mx\/historico\/wp-json\/wp\/v2\/posts"}],"about":[{"href":"https:\/\/plazajuarez.mx\/historico\/wp-json\/wp\/v2\/types\/post"}],"author":[{"embeddable":true,"href":"https:\/\/plazajuarez.mx\/historico\/wp-json\/wp\/v2\/users\/1"}],"replies":[{"embeddable":true,"href":"https:\/\/plazajuarez.mx\/historico\/wp-json\/wp\/v2\/comments?post=6139"}],"version-history":[{"count":0,"href":"https:\/\/plazajuarez.mx\/historico\/wp-json\/wp\/v2\/posts\/6139\/revisions"}],"wp:attachment":[{"href":"https:\/\/plazajuarez.mx\/historico\/wp-json\/wp\/v2\/media?parent=6139"}],"wp:term":[{"taxonomy":"category","embeddable":true,"href":"https:\/\/plazajuarez.mx\/historico\/wp-json\/wp\/v2\/categories?post=6139"},{"taxonomy":"post_tag","embeddable":true,"href":"https:\/\/plazajuarez.mx\/historico\/wp-json\/wp\/v2\/tags?post=6139"}],"curies":[{"name":"wp","href":"https:\/\/api.w.org\/{rel}","templated":true}]}}