{"id":6137,"date":"2015-06-06T05:00:00","date_gmt":"2015-06-06T05:00:00","guid":{"rendered":"http:\/\/plazajuarez.mx\/index\/index.php\/2015\/06\/06\/realizaran-foros-sobre-el-aborto\/"},"modified":"2015-06-06T05:00:00","modified_gmt":"2015-06-06T05:00:00","slug":"realizaran-foros-sobre-el-aborto","status":"publish","type":"post","link":"https:\/\/plazajuarez.mx\/historico\/realizaran-foros-sobre-el-aborto\/","title":{"rendered":"Realizar\u00e1n foros sobre el aborto"},"content":{"rendered":"<p><span style=\"font-family: verdana,geneva; font-size: 10pt;\">La diputada local de la fracci\u00f3n del Partido de la Revoluci\u00f3n Democr\u00e1tica (PRD), Imelda Cu\u00e9llar Cano, se\u00f1al\u00f3 que buscar\u00e1n la realizaci\u00f3n de foros informativos sobre la interrupci\u00f3n legal del embarazo en Hidalgo, a fin de que las mujeres y sociedad en general conozcan este tipo de procedimientos y bajo qu\u00e9 circunstancias se puede realizar, adem\u00e1s de los riesgos que conlleva el hacerlo de forma clandestina.<\/span><\/p>\n<p>  <!--more-->  <\/p>\n<p>\u00a0<\/p>\n<p><span style=\"font-family: verdana,geneva; font-size: 10pt;\">\u00a0<\/span><\/p>\n<p><span style=\"font-family: verdana,geneva; font-size: 10pt;\">Lo anterior, con miras a que en breve, se pueda subir al pleno del Congreso local, la iniciativa impulsada por el mismo partido pol\u00edtico en la pasada legislatura, propuesta que se ha mantenido en la congeladora, debido a que distintos sectores de la poblaci\u00f3n se han opuesto rotundamente \u201cpasando incluso por encima del derecho que tienen la mujeres a decidir sobre cuerpo y sobre su vida\u201d.<\/span><\/p>\n<p><span style=\"font-family: verdana,geneva; font-size: 10pt;\">\u00a0<\/span><\/p>\n<p><span style=\"font-family: verdana,geneva; font-size: 10pt;\">Sin embargo, la legisladora se\u00f1al\u00f3 que en Hidalgo impera un doble discurso ante el tema del aborto, ya que en las encuestas dicen que no est\u00e1n a favor de esta pr\u00e1ctica pero en la pr\u00e1ctica se van a otras partes como el Distrito Federal a practic\u00e1rselo, o bien optan por otras medidas y consultorios clandestinos que encima ponen en riesgo la vida de la mujer.<\/span><\/p>\n<p><span style=\"font-family: verdana,geneva; font-size: 10pt;\">\u00a0<\/span><\/p>\n<p><span style=\"font-family: verdana,geneva; font-size: 10pt;\">\u201cEste doble discurso es lamentable, y por eso es necesario que se realicen foros que sean apoyados con la opini\u00f3n de legisladores federales, instituciones de la mujer, de salud p\u00fablica y dem\u00e1s sectores que se ven involucrados de manera directa con la problem\u00e1tica, y las mujeres que han tomado una decisi\u00f3n sobre su cuerpo y sobre su propia vida\u201d, dijo.<\/span><\/p>\n<p><span style=\"font-family: verdana,geneva; font-size: 10pt;\">\u00a0<\/span><\/p>\n<p><span style=\"font-family: verdana,geneva; font-size: 10pt;\">\u201cEl aborto en Hidalgo es un tema tab\u00fa, hoy la gente se espanta al escuchar la palabra, pero debe entender que m\u00e1s que una ley de aborto, es una legislaci\u00f3n de salud p\u00fablica, el tema ha sido mal enfocado intencionalmente por organizaciones que violan a toda costa el derecho de la mujer a decidir libremente, lamentablemente institutos pol\u00edticos, civiles y religiosos han alzado la voz, aun sin conocer todos los riesgos y repercusiones sociales que genera esta pr\u00e1ctica cuando se realiza de forma clandestina\u201d, agreg\u00f3 Cu\u00e9llar Cano.<\/span><\/p>\n<p><span style=\"font-family: verdana,geneva; font-size: 10pt;\">\u00a0<\/span><\/p>\n<p><span style=\"font-family: verdana,geneva; font-size: 10pt;\">Finalmente, destac\u00f3 que es importante que se retome y que se haga a trav\u00e9s de una extensa y completa campa\u00f1a de difusi\u00f3n en la que se explique a la sociedad el problema de salud que representa la clandestinidad y posteriormente lo que propone la ley \u201cya que una cosa real es que, clandestina o permitida, esta pr\u00e1ctica se contin\u00faa realizando\u201d.<\/span><\/p>\n","protected":false},"excerpt":{"rendered":"<p>La diputada local de la fracci\u00f3n del Partido de la Revoluci\u00f3n Democr\u00e1tica (PRD), Imelda Cu\u00e9llar Cano, se\u00f1al\u00f3 que buscar\u00e1n la realizaci\u00f3n de foros informativos sobre la interrupci\u00f3n legal del embarazo en Hidalgo, a fin de que las mujeres y sociedad en general conozcan este tipo de procedimientos y bajo qu\u00e9 circunstancias se puede realizar, adem\u00e1s [&hellip;]<\/p>\n","protected":false},"author":1,"featured_media":0,"comment_status":"open","ping_status":"open","sticky":false,"template":"","format":"standard","meta":{"footnotes":""},"categories":[59],"tags":[],"class_list":["post-6137","post","type-post","status-publish","format-standard","hentry","category-general"],"_links":{"self":[{"href":"https:\/\/plazajuarez.mx\/historico\/wp-json\/wp\/v2\/posts\/6137","targetHints":{"allow":["GET"]}}],"collection":[{"href":"https:\/\/plazajuarez.mx\/historico\/wp-json\/wp\/v2\/posts"}],"about":[{"href":"https:\/\/plazajuarez.mx\/historico\/wp-json\/wp\/v2\/types\/post"}],"author":[{"embeddable":true,"href":"https:\/\/plazajuarez.mx\/historico\/wp-json\/wp\/v2\/users\/1"}],"replies":[{"embeddable":true,"href":"https:\/\/plazajuarez.mx\/historico\/wp-json\/wp\/v2\/comments?post=6137"}],"version-history":[{"count":0,"href":"https:\/\/plazajuarez.mx\/historico\/wp-json\/wp\/v2\/posts\/6137\/revisions"}],"wp:attachment":[{"href":"https:\/\/plazajuarez.mx\/historico\/wp-json\/wp\/v2\/media?parent=6137"}],"wp:term":[{"taxonomy":"category","embeddable":true,"href":"https:\/\/plazajuarez.mx\/historico\/wp-json\/wp\/v2\/categories?post=6137"},{"taxonomy":"post_tag","embeddable":true,"href":"https:\/\/plazajuarez.mx\/historico\/wp-json\/wp\/v2\/tags?post=6137"}],"curies":[{"name":"wp","href":"https:\/\/api.w.org\/{rel}","templated":true}]}}