{"id":6134,"date":"2015-06-06T05:00:00","date_gmt":"2015-06-06T05:00:00","guid":{"rendered":"http:\/\/plazajuarez.mx\/index\/index.php\/2015\/06\/06\/por-definir-modificaciones-al-reglamento-de-transito\/"},"modified":"2015-06-06T05:00:00","modified_gmt":"2015-06-06T05:00:00","slug":"por-definir-modificaciones-al-reglamento-de-transito","status":"publish","type":"post","link":"https:\/\/plazajuarez.mx\/historico\/por-definir-modificaciones-al-reglamento-de-transito\/","title":{"rendered":"Por definir, modificaciones al Reglamento de Tr\u00e1nsito"},"content":{"rendered":"<p><span style=\"font-family: verdana,geneva; font-size: 10pt;\">Las modificaciones al Reglamento de Tr\u00e1nsito del municipio de Pachuca tras la entrada en funcionamiento del Sistema de Transporte Tuzob\u00fas a\u00fan no est\u00e1n definidas, seg\u00fan inform\u00f3 Eleazar Garc\u00eda S\u00e1nchez, alcalde capitalino; por lo que explic\u00f3 que ser\u00e1 en los pr\u00f3ximos d\u00edas cuando se re\u00fanan con el gobierno estatal para analizarlas.<\/span><\/p>\n<p>  <!--more-->  <\/p>\n<p>\u00a0<\/p>\n<p><span style=\"font-family: verdana,geneva; font-size: 10pt;\">\u00a0<\/span><\/p>\n<p><span style=\"font-family: verdana,geneva; font-size: 10pt;\">El edil capitalino explic\u00f3 que deber\u00e1n ser ambas partes las que acuerden las modificaciones que habr\u00e1n de realizarse en el reglamento, puesto que el nuevo transporte contempla la circulaci\u00f3n compartida y exclusiva del carril confinado, seg\u00fan la zona por la que se transite.<\/span><\/p>\n<p><span style=\"font-family: verdana,geneva; font-size: 10pt;\">\u00a0<\/span><\/p>\n<p><span style=\"font-family: verdana,geneva; font-size: 10pt;\">\u201cCon gobierno del estado vamos a ver qu\u00e9 consideran ellos y en funci\u00f3n de eso estamos viendo si se requieren adecuaciones o no, o ellos se van a encargar; el objetivo es que no haya problemas de vialidad\u201d, apunt\u00f3.<\/span><\/p>\n<p><span style=\"font-family: verdana,geneva; font-size: 10pt;\">\u00a0<\/span><\/p>\n<p><span style=\"font-family: verdana,geneva; font-size: 10pt;\">Agreg\u00f3 que este proceso de reforma no puede llevarse a cabo por solo una instancia, pues aunque el Tuzob\u00fas es un proyecto de movilidad del gobierno estatal, circular\u00e1 \u00fanicamente por las calles del municipio de Pachuca.<\/span><\/p>\n<p><span style=\"font-family: verdana,geneva; font-size: 10pt;\">\u00a0<\/span><\/p>\n<p><span style=\"font-family: verdana,geneva; font-size: 10pt;\">\u201cLa infraestructura tiene un due\u00f1o y es gobierno del estado, y es controlado por una empresa particular; es la parte que tenemos que tener sobre la misma l\u00ednea. S\u00ed van a ser los encargados, tendremos que buscar una concesi\u00f3n o forma legal para que pueda operar bien, son calles del municipio de Pachuca y esa parte todav\u00eda tenemos que platicarla bien, a fin de que estemos en la misma sinton\u00eda\u201d.<\/span><\/p>\n<p><span style=\"font-family: verdana,geneva; font-size: 10pt;\">\u00a0<\/span><\/p>\n<p><span style=\"font-family: verdana,geneva; font-size: 10pt;\">Cabe mencionar que el gobernador de la entidad, Jos\u00e9 Francisco Olvera Ruiz, coment\u00f3 en pasados d\u00edas que el Tuzob\u00fas echar\u00e1 a andar antes de culminar el mes de junio, pues la infraestructura vial y de estaciones, se encuentra lista.<\/span><\/p>\n","protected":false},"excerpt":{"rendered":"<p>Las modificaciones al Reglamento de Tr\u00e1nsito del municipio de Pachuca tras la entrada en funcionamiento del Sistema de Transporte Tuzob\u00fas a\u00fan no est\u00e1n definidas, seg\u00fan inform\u00f3 Eleazar Garc\u00eda S\u00e1nchez, alcalde capitalino; por lo que explic\u00f3 que ser\u00e1 en los pr\u00f3ximos d\u00edas cuando se re\u00fanan con el gobierno estatal para analizarlas.<\/p>\n","protected":false},"author":1,"featured_media":0,"comment_status":"open","ping_status":"open","sticky":false,"template":"","format":"standard","meta":{"footnotes":""},"categories":[59],"tags":[],"class_list":["post-6134","post","type-post","status-publish","format-standard","hentry","category-general"],"_links":{"self":[{"href":"https:\/\/plazajuarez.mx\/historico\/wp-json\/wp\/v2\/posts\/6134","targetHints":{"allow":["GET"]}}],"collection":[{"href":"https:\/\/plazajuarez.mx\/historico\/wp-json\/wp\/v2\/posts"}],"about":[{"href":"https:\/\/plazajuarez.mx\/historico\/wp-json\/wp\/v2\/types\/post"}],"author":[{"embeddable":true,"href":"https:\/\/plazajuarez.mx\/historico\/wp-json\/wp\/v2\/users\/1"}],"replies":[{"embeddable":true,"href":"https:\/\/plazajuarez.mx\/historico\/wp-json\/wp\/v2\/comments?post=6134"}],"version-history":[{"count":0,"href":"https:\/\/plazajuarez.mx\/historico\/wp-json\/wp\/v2\/posts\/6134\/revisions"}],"wp:attachment":[{"href":"https:\/\/plazajuarez.mx\/historico\/wp-json\/wp\/v2\/media?parent=6134"}],"wp:term":[{"taxonomy":"category","embeddable":true,"href":"https:\/\/plazajuarez.mx\/historico\/wp-json\/wp\/v2\/categories?post=6134"},{"taxonomy":"post_tag","embeddable":true,"href":"https:\/\/plazajuarez.mx\/historico\/wp-json\/wp\/v2\/tags?post=6134"}],"curies":[{"name":"wp","href":"https:\/\/api.w.org\/{rel}","templated":true}]}}