{"id":6133,"date":"2015-06-06T05:00:00","date_gmt":"2015-06-06T05:00:00","guid":{"rendered":"http:\/\/plazajuarez.mx\/index\/index.php\/2015\/06\/06\/despensas-hasta-el-15-de-junio\/"},"modified":"2015-06-06T05:00:00","modified_gmt":"2015-06-06T05:00:00","slug":"despensas-hasta-el-15-de-junio","status":"publish","type":"post","link":"https:\/\/plazajuarez.mx\/historico\/despensas-hasta-el-15-de-junio\/","title":{"rendered":"Despensas, hasta el 15 de junio"},"content":{"rendered":"<p><span style=\"font-family: verdana,geneva; font-size: 10pt;\">Mayka Ortega Eguiluz, titular de la Secretar\u00eda de Desarrollo Social (Sedeso) en Hidalgo inform\u00f3 que ser\u00e1 hasta el pr\u00f3ximo 15 de junio, cuando retomen la entrega de despensas a los enlaces institucionales en todas las regiones de la entidad; tras concluir el proceso electoral que se llevar\u00e1 a cabo el pr\u00f3ximo domingo 7 de junio.<\/span><\/p>\n<p>  <!--more-->  <\/p>\n<p>\u00a0<\/p>\n<p><span style=\"font-family: verdana,geneva; font-size: 10pt;\">\u00a0<\/span><\/p>\n<p><span style=\"font-family: verdana,geneva; font-size: 10pt;\">\u201cNosotros terminamos la repartici\u00f3n con todos los enlaces institucionales en todo el estado antes de empezar la veda electoral; dos d\u00edas antes iniciamos con cada uno de los notarios el cierre de bodegas, sellados y se sum\u00f3 el total de cu\u00e1ntos eran\u201d.<\/span><\/p>\n<p><span style=\"font-family: verdana,geneva; font-size: 10pt;\">\u00a0<\/span><\/p>\n<p><span style=\"font-family: verdana,geneva; font-size: 10pt;\">Apunt\u00f3 que el organismo culmin\u00f3 la repartici\u00f3n de paquetes alimentarios en todo el estado dos d\u00edas antes de iniciar con la veda electoral; dicha acci\u00f3n se realiz\u00f3 para cumplir las normas sobre la imparcialidad en la aplicaci\u00f3n de recursos p\u00fablicos, con base en el acuerdo del Consejo General del Instituto Nacional Electoral n\u00famero INE\/CG66\/2015, con fecha de 25 de febrero de 2015, acatando con la obligaci\u00f3n de transparentar el manejo de los recursos p\u00fablicos.<\/span><\/p>\n<p><span style=\"font-family: verdana,geneva; font-size: 10pt;\">\u00a0<\/span><\/p>\n<p><span style=\"font-family: verdana,geneva; font-size: 10pt;\">En total, el organismo estatal resguard\u00f3 m\u00e1s de 7 mil 500 despensas en 19 almacenes receptores de paquetes del Programa Beneficio Alimentario (Probea), ubicados en diferentes puntos del estado, con verificaci\u00f3n de notarios p\u00fablicos; con el prop\u00f3sito de evitar manejos il\u00edcitos que condicionen el voto, por lo que una vez concluido el proceso electoral continuar\u00e1 el funcionamiento normal del programa.<\/span><\/p>\n<p><span style=\"font-family: verdana,geneva; font-size: 10pt;\">\u00a0<\/span><\/p>\n<p><span style=\"font-family: verdana,geneva; font-size: 10pt;\">Ortega Eguiluz se\u00f1al\u00f3 que aunado a los paquetes retenidos, el gobierno estatal habr\u00e1 de realizar la entrega de 40 mil despensas m\u00e1s de acuerdo a las autorizaciones del presente a\u00f1o, mismas que ser\u00e1n entregadas a las familias m\u00e1s vulnerables tras concluir el proceso electoral.<\/span><\/p>\n","protected":false},"excerpt":{"rendered":"<p>Mayka Ortega Eguiluz, titular de la Secretar\u00eda de Desarrollo Social (Sedeso) en Hidalgo inform\u00f3 que ser\u00e1 hasta el pr\u00f3ximo 15 de junio, cuando retomen la entrega de despensas a los enlaces institucionales en todas las regiones de la entidad; tras concluir el proceso electoral que se llevar\u00e1 a cabo el pr\u00f3ximo domingo 7 de junio.<\/p>\n","protected":false},"author":1,"featured_media":0,"comment_status":"open","ping_status":"open","sticky":false,"template":"","format":"standard","meta":{"footnotes":""},"categories":[59],"tags":[],"class_list":["post-6133","post","type-post","status-publish","format-standard","hentry","category-general"],"_links":{"self":[{"href":"https:\/\/plazajuarez.mx\/historico\/wp-json\/wp\/v2\/posts\/6133","targetHints":{"allow":["GET"]}}],"collection":[{"href":"https:\/\/plazajuarez.mx\/historico\/wp-json\/wp\/v2\/posts"}],"about":[{"href":"https:\/\/plazajuarez.mx\/historico\/wp-json\/wp\/v2\/types\/post"}],"author":[{"embeddable":true,"href":"https:\/\/plazajuarez.mx\/historico\/wp-json\/wp\/v2\/users\/1"}],"replies":[{"embeddable":true,"href":"https:\/\/plazajuarez.mx\/historico\/wp-json\/wp\/v2\/comments?post=6133"}],"version-history":[{"count":0,"href":"https:\/\/plazajuarez.mx\/historico\/wp-json\/wp\/v2\/posts\/6133\/revisions"}],"wp:attachment":[{"href":"https:\/\/plazajuarez.mx\/historico\/wp-json\/wp\/v2\/media?parent=6133"}],"wp:term":[{"taxonomy":"category","embeddable":true,"href":"https:\/\/plazajuarez.mx\/historico\/wp-json\/wp\/v2\/categories?post=6133"},{"taxonomy":"post_tag","embeddable":true,"href":"https:\/\/plazajuarez.mx\/historico\/wp-json\/wp\/v2\/tags?post=6133"}],"curies":[{"name":"wp","href":"https:\/\/api.w.org\/{rel}","templated":true}]}}