{"id":6129,"date":"2015-06-06T05:00:00","date_gmt":"2015-06-06T05:00:00","guid":{"rendered":"http:\/\/plazajuarez.mx\/index\/index.php\/2015\/06\/06\/ser-buena-onda-siempre-esta-de-moda-campana-de-fundacion-en-movimiento\/"},"modified":"2015-06-06T05:00:00","modified_gmt":"2015-06-06T05:00:00","slug":"ser-buena-onda-siempre-esta-de-moda-campana-de-fundacion-en-movimiento","status":"publish","type":"post","link":"https:\/\/plazajuarez.mx\/historico\/ser-buena-onda-siempre-esta-de-moda-campana-de-fundacion-en-movimiento\/","title":{"rendered":"\u201cSer buena onda siempre est\u00e1 de moda\u201d,  campa\u00f1a de Fundaci\u00f3n en Movimiento"},"content":{"rendered":"<p><span style=\"font-family: verdana,geneva; font-size: 10pt;\">Con el objetivo de prevenir el acoso escolar, la Fundaci\u00f3n en Movimiento realiz\u00f3 la campa\u00f1a &#8220;Ser buena onda siempre est\u00e1 de moda&#8221;, en el Instituto Cedrus de esta capital hidalguense, para que los ni\u00f1os y ni\u00f1as, docentes, as\u00ed como padres de familia identifiquen los puntos rojos y erradiquen esta problem\u00e1tica social.<\/span><\/p>\n<p>  <!--more-->  <\/p>\n<p>\u00a0<\/p>\n<p><span style=\"font-family: verdana,geneva; font-size: 10pt;\">\u00a0<\/span><\/p>\n<p><span style=\"font-family: verdana,geneva; font-size: 10pt;\">Por su parte, Mario Moreno Estrada, gerente de la fundaci\u00f3n, inform\u00f3 que la campa\u00f1a est\u00e1 dirigida a los alumnos, docentes y padres de familia, el cual, dijo ser satisfactorio, ya que al trabajar con personas tan dispuestas y comprometidas a formar un espacio escolar m\u00e1s sano y en paz, hace que las cosas fluyan positivamente, generando acciones en movimiento dentro y fuera del colegio.<\/span><\/p>\n<p><span style=\"font-family: verdana,geneva; font-size: 10pt;\">\u00a0<\/span><\/p>\n<p><span style=\"font-family: verdana,geneva; font-size: 10pt;\">\u201cEl d\u00eda de hoy entregamos esta placa certificada por nosotros, con la cual avalamos que el colegio cumpli\u00f3 con nuestro programa\u201d, sostuvo.<\/span><\/p>\n<p><span style=\"font-family: verdana,geneva; font-size: 10pt;\">\u00a0<\/span><\/p>\n<p><span style=\"font-family: verdana,geneva; font-size: 10pt;\">Mencion\u00f3 de manera particular, c\u00f3mo se realiz\u00f3 el programa, el cual const\u00f3 en la campa\u00f1a implementando pl\u00e1ticas en cada una de las aulas, abordando el tema y c\u00f3mo erradicarlo, \u201cAbordando cinco reglas fundamentales como: Todos los d\u00edas haz algo por alguien, di no a las groser\u00edas, apodos y no empujones, no juzgues, si no tienes nada bueno qu\u00e9 decir, no digas nada y respeta a los dem\u00e1s\u201d.<\/span><\/p>\n<p><span style=\"font-family: verdana,geneva; font-size: 10pt;\">\u00a0<\/span><\/p>\n<p><span style=\"font-family: verdana,geneva; font-size: 10pt;\">Destac\u00f3 que a los padres de familia se les imparti\u00f3 una conferencia para que ellos sepan detectar y prevenir si es que su hijo o hija es v\u00edctima de bullying, as\u00ed mismo, los maestros estuvieron en un taller intensivo de 6 horas, para que de igual manera, coadyuven a erradicarlo.<\/span><\/p>\n<p><span style=\"font-family: verdana,geneva; font-size: 10pt;\">\u00a0<\/span><\/p>\n<p><span style=\"font-family: verdana,geneva; font-size: 10pt;\">Moreno Estrada explic\u00f3 que posteriormente a este programa, se habilita en la p\u00e1gina de internet de la fundaci\u00f3n un registro al centro educativo certificado con una bit\u00e1cora, donde la escuela asigna un usuario responsable, y \u00e9ste va capturando resultados de comportamiento despu\u00e9s de la campa\u00f1a.<\/span><\/p>\n<p><span style=\"font-family: verdana,geneva; font-size: 10pt;\">\u00a0<\/span><\/p>\n<p><span style=\"font-family: verdana,geneva; font-size: 10pt;\">En efecto, profundiz\u00f3 que en otras escuelas han compartido experiencias despu\u00e9s de ser certificados donde han resuelto este problema con cosas b\u00e1sicas como una sonrisa, compartir el recreo donde no influye el dinero ni mayor esfuerzo f\u00edsico, \u201cEsto es parte de un aprendizaje colaborativo, un lugar de interacci\u00f3n entre alumnos, padres y docentes que est\u00e1n involucrados en el bienestar de un pa\u00eds mejor\u201d.<\/span><\/p>\n<p><span style=\"font-family: verdana,geneva; font-size: 10pt;\">\u00a0<\/span><\/p>\n<p><span style=\"font-family: verdana,geneva; font-size: 10pt;\">Mario Moreno inform\u00f3 que en Hidalgo s\u00f3lo han trabajado en dos escuelas, Cedrus y en una escuela t\u00e9cnica ubicada en el municipio de Tizayuca, y otras en la entidad que est\u00e1n interesadas.<\/span><\/p>\n<p><span style=\"font-family: verdana,geneva; font-size: 10pt;\">\u00a0<\/span><\/p>\n<p><span style=\"font-family: verdana,geneva; font-size: 10pt;\">Por \u00faltimo, extern\u00f3 que es una Asociaci\u00f3n Civil sin fines de lucro y se mantiene s\u00f3lo con donativos, \u201cLos donativos los ocupamos para el trabajo, para la placa, el mantenimiento de la p\u00e1gina de internet y para el material\u201d finaliz\u00f3.<\/span><\/p>\n<p><span style=\"font-family: verdana,geneva; font-size: 10pt;\">\u00a0<\/span><\/p>\n<p><span style=\"font-family: verdana,geneva; font-size: 10pt;\">Para mayores informes visitar la p\u00e1gina de internet <a href=\"http:\/\/www.fundacionmovimiento.org.mx\">www.fundacionmovimiento.org.mx<\/a><\/span><\/p>\n","protected":false},"excerpt":{"rendered":"<p>Con el objetivo de prevenir el acoso escolar, la Fundaci\u00f3n en Movimiento realiz\u00f3 la campa\u00f1a &#8220;Ser buena onda siempre est\u00e1 de moda&#8221;, en el Instituto Cedrus de esta capital hidalguense, para que los ni\u00f1os y ni\u00f1as, docentes, as\u00ed como padres de familia identifiquen los puntos rojos y erradiquen esta problem\u00e1tica social.<\/p>\n","protected":false},"author":1,"featured_media":0,"comment_status":"open","ping_status":"open","sticky":false,"template":"","format":"standard","meta":{"footnotes":""},"categories":[59],"tags":[],"class_list":["post-6129","post","type-post","status-publish","format-standard","hentry","category-general"],"_links":{"self":[{"href":"https:\/\/plazajuarez.mx\/historico\/wp-json\/wp\/v2\/posts\/6129","targetHints":{"allow":["GET"]}}],"collection":[{"href":"https:\/\/plazajuarez.mx\/historico\/wp-json\/wp\/v2\/posts"}],"about":[{"href":"https:\/\/plazajuarez.mx\/historico\/wp-json\/wp\/v2\/types\/post"}],"author":[{"embeddable":true,"href":"https:\/\/plazajuarez.mx\/historico\/wp-json\/wp\/v2\/users\/1"}],"replies":[{"embeddable":true,"href":"https:\/\/plazajuarez.mx\/historico\/wp-json\/wp\/v2\/comments?post=6129"}],"version-history":[{"count":0,"href":"https:\/\/plazajuarez.mx\/historico\/wp-json\/wp\/v2\/posts\/6129\/revisions"}],"wp:attachment":[{"href":"https:\/\/plazajuarez.mx\/historico\/wp-json\/wp\/v2\/media?parent=6129"}],"wp:term":[{"taxonomy":"category","embeddable":true,"href":"https:\/\/plazajuarez.mx\/historico\/wp-json\/wp\/v2\/categories?post=6129"},{"taxonomy":"post_tag","embeddable":true,"href":"https:\/\/plazajuarez.mx\/historico\/wp-json\/wp\/v2\/tags?post=6129"}],"curies":[{"name":"wp","href":"https:\/\/api.w.org\/{rel}","templated":true}]}}