{"id":6127,"date":"2015-06-05T05:00:00","date_gmt":"2015-06-05T05:00:00","guid":{"rendered":"http:\/\/plazajuarez.mx\/index\/index.php\/2015\/06\/05\/alfil-negro-103\/"},"modified":"2015-06-05T05:00:00","modified_gmt":"2015-06-05T05:00:00","slug":"alfil-negro-103","status":"publish","type":"post","link":"https:\/\/plazajuarez.mx\/historico\/alfil-negro-103\/","title":{"rendered":"ALFIL NEGRO"},"content":{"rendered":"<p>*PALMA DEL INAH Y GIL DEL CONGRESO EN LA MIRA DEL ALADO<\/p>\n<p>*\u00bfEL PACHUCA BORRAR\u00c1 EL NOMBRE DE BLATTER?<\/p>\n<p>  <!--more-->  <\/p>\n<p><strong><em> <br \/><\/em><\/strong><\/p>\n<p><strong><em>Con un abrazo cari\u00f1oso para la se\u00f1ora GUILLERMINA MONROY SERRANO , para su hija SORE y toda su familia por la muerte de su esposo el licenciado CAMILO VILLARREAL UGALDE, quien muri\u00f3 a consecuencia de una ca\u00edda en la Plaza Ju\u00e1rez, provocada por uno de los lazos de amarre de la carpa<\/em><\/strong> <strong><em>que mantiene Antorcha Campesina en su plant\u00f3n y que le provoc\u00f3 serias lesiones en una de sus manos y que dado su alto grado de diabetes, finalmente le provoc\u00f3 la muerte.<\/em><\/strong><\/p>\n<p><strong><em>La libertad de manifestaci\u00f3n nos hace un pueblo libre y se debe mantener, porque nos da la oportunidad de hacer p\u00fablico nuestro sentir, pero en casos como el que se\u00f1alamos , que deja profundamente pobre a una familia por la ausencia definitiva del jefe de familia, algo debe decir una organizaci\u00f3n que dice una y otra vez que defiende la causa de los pobres.<\/em><\/strong><\/p>\n<p><strong><em>Desde luego es un accidente y un hecho fortuito y as\u00ed lo entendemos.<\/em><\/strong><\/p>\n<p><strong><em>Pero el silencio a veces dice mucho, en otros no dice nada o dice todo.<\/em><\/strong><\/p>\n<p><strong><em>\u00a0<\/em><\/strong><\/p>\n<p><strong><em>\u00a0<\/em><\/strong><\/p>\n<p><strong><em>DOS EN LA MIRA&#8230;<\/em><\/strong><\/p>\n<p>Parece ser que RODOLFO PALMA delegado del INAH en el estado y ERNESTO GIL ELORDUY Presidente de la Junta de Gobierno del congreso estatal est\u00e1n en la mira del se\u00f1or alado, que v\u00eda su medio de comunicaci\u00f3n no los olvida y les busca, por todos los medios y hasta por abajo de las piedras motivos para exhibirlos o para cobrarles facturas que se ven por d\u00f3nde vienen y que se resumen por lo menos en el caso de PALMA, en no haber puesto piedras al proyecto del Centro Cultural El Reloj del gobernador Olvera y del alcalde Eleazar, y en el caso de GIL cobrarle la factura ya amarillenta por el tiempo, pero fresca por las heridas que provoc\u00f3 con la ca\u00edda de la FEUH y todo lo que signific\u00f3 perder esa \u00ednsula de poder en los tiempos de Lugo Verduzco.<\/p>\n<p><strong><em>RODOLFO PALMA<\/em><\/strong><\/p>\n<p>El Delegado del INAH en nuestro estado RODOLFO PALMA ha sido objeto de una cacer\u00eda desde que se atrevi\u00f3 a no ponerle piedras en el camino al proyecto del Centro Cultural El Reloj, que desde el punto de vista de quienes se oponen al mismo,debi\u00f3 frenar, porque ,dicen, no cumple con un marco de legalidad que en ocasiones da la impresi\u00f3n s\u00f3lo existe en su mundo, aunque se esfuerzan en darle todo un componente de leyes y mandamientos que no se acaba de entender pues la propuesta lo que busca en lenguaje que todos entendemos es cambiarle la cara a una plaza que se mor\u00eda de tristeza por lo abandonada que estaba y por el deterioro que ya sufr\u00eda, pese a los cuentos de supuestas remodelaciones que otros alcaldes dijeron que hicieron, pero que no fueron m\u00e1s que simples voladas, como eso de las bancas de cantera que no eran m\u00e1s que bancas de yeso.<\/p>\n<p>Ahora que desde el lado grillo que es lo realmente interesante, el grillo alado y su medio le tupen a PALMA porque no le puso piedras al proyecto del gobernador Olvera y del alcalde Eleazar, como era la intenci\u00f3n del se\u00f1or Garza, para los fines que tiene en su lucha permanente contra la autoridad priista, para lo cual se vale lo mismo de la regidora ocurrencias ahora con licencia y de lo que pens\u00f3 tener en el delegado del INAH que por lo visto no se prest\u00f3 a las grilladas que pretend\u00eda el se\u00f1or alado.<\/p>\n<p>Como pago de su actitud de ignorar esta indicaci\u00f3n, esto parece, ahora el delegado tiene que aguantar, y esto tambi\u00e9n parece, una campa\u00f1a permanente en la que se busca v\u00eda el supuesto descontento de los sindicalizados del Instituto quitarle la delegaci\u00f3n y poner a alguien que sea m\u00e1s d\u00f3cil a los caprichos de los grillos de la delegaci\u00f3n y seguramente de lo que se les dicte desde el nido garza.<\/p>\n<p>Eso parece.<\/p>\n<p>GIL ELORDUY<\/p>\n<p>Al Presidente de la Junta de Gobierno del Congreso, lo que nunca le van a perdonar es que hace muchas lunas le haya arrebatado la FEUH al grupo universidad, con tal decisi\u00f3n que ni las manos meti\u00f3 el que fuera en ese tiempo el terror de la sociedad junto con sus muchachitos que escribieron una de las p\u00e1ginas m\u00e1s tristes de Hidalgo.<\/p>\n<p>A Gil no le temblaron las piernas para ponerlo quieto y eso la sociedad se lo reconoci\u00f3 siempre.<\/p>\n<p>Por eso, y esto es simple conjetura, todo lo que ha pasado en torno a Gil Elorduy y algunos hechos en que se ve con claridad la intenci\u00f3n de provocaci\u00f3n en contra del legislador y de exhibirlo por todos los medios.<\/p>\n<p>Sin embargo ya una vez Gil sali\u00f3 victorioso. No parece ser de los pol\u00edticos que se espante con el petate del muerto.<\/p>\n<p>*\u00bfEL PACHUCA LE CAMBIAR\u00c1 EL NOMBRE<\/p>\n<p>AL PABELL\u00d3N \u201cJOSEPH BLATTER\u201d ?<\/p>\n<p>El 10 de noviembre del 2009 el Club de futbol Pachuca con la asistencia del entonces Presidente Felipe Calder\u00f3n inaugur\u00f3 el PABELL\u00d3N JOSEPH BLATTER en honor a quien era entonces el mandam\u00e1s de la FIFA quien por cierto asisti\u00f3 para cortar el list\u00f3n que daba por abiertas las instalaciones de este pabell\u00f3n considerado como el m\u00e1s moderno de Am\u00e9rica Latina para el alto rendimiento y presentado como casa Club de los tuzos con todos los servicios en m\u00e1s de 6 mil metros cuadrados.<\/p>\n<p>Era una maravilla y el se\u00f1or Blatter era todo lenguas para elogiar la obra y los tuzos con Jes\u00fas Mart\u00ednez al frente, todo alabanzas para el jerarca de la FIFA.<\/p>\n<p>La cuesti\u00f3n ahora es saber si una vez que se sabe que Blatter es un pillo de siete suelas, por el manejo gansteril del organismo del futbol mundial como se sabe, el Pachuca le quitar\u00e1 el nombre al pabell\u00f3n para ponerle el de un hombre honrado.<\/p>\n<p>Es lo menos que deber\u00edan de hacer.<\/p>\n<p>Ser\u00eda el proceder a gente honrada y no mantener el nombre de un pillo en unas instalaciones \u00fanicas en Am\u00e9rica Latina que honren a un malandr\u00edn.<\/p>\n<p>A ver qu\u00e9 hace Jes\u00fas Mart\u00ednez.<\/p>\n","protected":false},"excerpt":{"rendered":"<p>*PALMA DEL INAH Y GIL DEL CONGRESO EN LA MIRA DEL ALADO *\u00bfEL PACHUCA BORRAR\u00c1 EL NOMBRE DE BLATTER?<\/p>\n","protected":false},"author":93,"featured_media":0,"comment_status":"open","ping_status":"open","sticky":false,"template":"","format":"standard","meta":{"footnotes":""},"categories":[48],"tags":[],"class_list":["post-6127","post","type-post","status-publish","format-standard","hentry","category-adalberto-peralta"],"_links":{"self":[{"href":"https:\/\/plazajuarez.mx\/historico\/wp-json\/wp\/v2\/posts\/6127","targetHints":{"allow":["GET"]}}],"collection":[{"href":"https:\/\/plazajuarez.mx\/historico\/wp-json\/wp\/v2\/posts"}],"about":[{"href":"https:\/\/plazajuarez.mx\/historico\/wp-json\/wp\/v2\/types\/post"}],"author":[{"embeddable":true,"href":"https:\/\/plazajuarez.mx\/historico\/wp-json\/wp\/v2\/users\/93"}],"replies":[{"embeddable":true,"href":"https:\/\/plazajuarez.mx\/historico\/wp-json\/wp\/v2\/comments?post=6127"}],"version-history":[{"count":0,"href":"https:\/\/plazajuarez.mx\/historico\/wp-json\/wp\/v2\/posts\/6127\/revisions"}],"wp:attachment":[{"href":"https:\/\/plazajuarez.mx\/historico\/wp-json\/wp\/v2\/media?parent=6127"}],"wp:term":[{"taxonomy":"category","embeddable":true,"href":"https:\/\/plazajuarez.mx\/historico\/wp-json\/wp\/v2\/categories?post=6127"},{"taxonomy":"post_tag","embeddable":true,"href":"https:\/\/plazajuarez.mx\/historico\/wp-json\/wp\/v2\/tags?post=6127"}],"curies":[{"name":"wp","href":"https:\/\/api.w.org\/{rel}","templated":true}]}}