{"id":6126,"date":"2015-06-05T05:00:00","date_gmt":"2015-06-05T05:00:00","guid":{"rendered":"http:\/\/plazajuarez.mx\/index\/index.php\/2015\/06\/05\/retratos-hablados-79\/"},"modified":"2015-06-05T05:00:00","modified_gmt":"2015-06-05T05:00:00","slug":"retratos-hablados-79","status":"publish","type":"post","link":"https:\/\/plazajuarez.mx\/historico\/retratos-hablados-79\/","title":{"rendered":"RETRATOS HABLADOS"},"content":{"rendered":"<p>* Lugo del domingo, la elecci\u00f3n real<\/p>\n<p>  <!--more-->  <\/p>\n<p>\u00a0<\/p>\n<p>Pasadas las elecciones del domingo, nuestro estado empezar\u00e1 a vivir momentos complicados ante la inminente selecci\u00f3n de candidatos a gobernador. Digo complicados, porque el entramado del poder se aprecia como pocas veces plagado de personajes que apuestan a su \u00faltima oportunidad para lograr la nominaci\u00f3n.<\/p>\n<p>\u00a0\u00a0\u00a0\u00a0\u00a0\u00a0\u00a0\u00a0\u00a0\u00a0\u00a0 Y en pol\u00edtica como en cualquier otra actividad, no hay nada m\u00e1s peligroso que los desesperados y los dispuestos a poner en la mesa de las apuestas su resto, \u201cpase lo que pase\u201d.<\/p>\n<p>\u00a0\u00a0\u00a0\u00a0\u00a0\u00a0\u00a0\u00a0\u00a0\u00a0\u00a0 Los cambios generacionales colocan en la pista de salida a varios pol\u00edticos hombres y mujeres. Algunos en la que consideran su b\u00fasqueda final de la nominaci\u00f3n, otros porque las condiciones les permiten aspirar por \u00fanica ocasi\u00f3n a esa posibilidad.<\/p>\n<p>\u00a0\u00a0\u00a0\u00a0\u00a0\u00a0\u00a0\u00a0\u00a0\u00a0\u00a0 Es decir, est\u00e1n los que ya participaron en este proceso y no quedaron porque decidieron aceptar que no era su momento, pero siempre con la certeza de que tarde o temprano llegar\u00eda el ansiado tiempo para ellos.<\/p>\n<p>\u00a0\u00a0\u00a0\u00a0\u00a0\u00a0\u00a0\u00a0\u00a0\u00a0\u00a0 Sin embargo se agregan los que por razones espec\u00edficas de la estrecha relaci\u00f3n que guardan con los hoy personajes hidalguenses fundamentales en el \u00e1mbito nacional, son pr\u00e1cticamente empujados para anotarse en la interminable lista.<\/p>\n<p>\u00a0\u00a0\u00a0\u00a0\u00a0\u00a0\u00a0\u00a0\u00a0\u00a0\u00a0 No ser\u00e1 f\u00e1cil ni terso el camino que lleve, me refiero al Revolucionario Institucional, para elegir su candidato que buscar\u00e1 suceder al gobernador Olvera. Implicar\u00e1 largas pl\u00e1ticas de avenencia, por supuesto de negociaci\u00f3n, porque se da por hecho que por lo menos dos de los pretensos han insistido en que \u201cson\u2026 o son\u201d.<\/p>\n<p>\u00a0\u00a0\u00a0\u00a0\u00a0\u00a0\u00a0\u00a0\u00a0\u00a0\u00a0 As\u00ed las cosas el proceso que vive una primera etapa en la elecci\u00f3n de diputados federales del domingo, porque habr\u00e1 de definir el peso espec\u00edfico de cada uno de los protagonistas, tendr\u00e1 que implicar un elemento vital, sustancial, y nos referimos a quien haga de \u00e1rbitro o director de esta que ser\u00e1 la elecci\u00f3n interna tricolor m\u00e1s complicada en la historia de la entidad.<\/p>\n<p>\u00a0\u00a0\u00a0\u00a0\u00a0\u00a0\u00a0\u00a0\u00a0\u00a0\u00a0 Por muchas razones el resultado de lo que pase este domingo, otorgar\u00e1 un peso espec\u00edfico al voto que por tradici\u00f3n tiene el mandatario en turno. Ganar los siete distritos electorales, lo colocar\u00e1 en una condici\u00f3n incluso c\u00f3moda para definir con precisi\u00f3n el camino que tome su propia sucesi\u00f3n.<\/p>\n<p>\u00a0\u00a0\u00a0\u00a0\u00a0\u00a0\u00a0\u00a0\u00a0\u00a0\u00a0 La raz\u00f3n es una y simple: no hay mejor carta para cualquier hombre de poder, que llegar como un ganador en todo el sentido de la palabra.<\/p>\n<p>\u00a0\u00a0\u00a0\u00a0\u00a0\u00a0\u00a0\u00a0\u00a0\u00a0\u00a0 Y por lo que se ve, la buena estrella del mandatario hidalguense, todav\u00eda lo sigue.<\/p>\n<p>\u00a0\u00a0\u00a0\u00a0\u00a0\u00a0\u00a0\u00a0\u00a0\u00a0\u00a0 En tanto, cualquiera que sea su opini\u00f3n del sistema pol\u00edtico que vivimos, o padecemos seg\u00fan sea el caso, sobra decirle que sin otro camino real para elegir a nuestros representantes populares, hoy por hoy el voto es la opci\u00f3n real. No conozco otro se lo confieso.<\/p>\n<p>\u00a0<\/p>\n<p><strong>\u00a0\u00a0\u00a0\u00a0\u00a0\u00a0\u00a0\u00a0\u00a0\u00a0\u00a0 Mil gracias, hasta el pr\u00f3ximo lunes.<\/strong><\/p>\n<p>\u00a0<\/p>\n<p><a href=\"mailto:peraltajav@gmail.com\">peraltajav@gmail.com<\/a><\/p>\n<p>twitter: @JavierEPeralta<\/p>\n<p>\u00a0\u00a0\u00a0\u00a0\u00a0\u00a0\u00a0\u00a0\u00a0\u00a0\u00a0<\/p>\n","protected":false},"excerpt":{"rendered":"<p>* Lugo del domingo, la elecci\u00f3n real<\/p>\n","protected":false},"author":93,"featured_media":0,"comment_status":"open","ping_status":"open","sticky":false,"template":"","format":"standard","meta":{"footnotes":""},"categories":[49],"tags":[],"class_list":["post-6126","post","type-post","status-publish","format-standard","hentry","category-javier-peralta"],"_links":{"self":[{"href":"https:\/\/plazajuarez.mx\/historico\/wp-json\/wp\/v2\/posts\/6126","targetHints":{"allow":["GET"]}}],"collection":[{"href":"https:\/\/plazajuarez.mx\/historico\/wp-json\/wp\/v2\/posts"}],"about":[{"href":"https:\/\/plazajuarez.mx\/historico\/wp-json\/wp\/v2\/types\/post"}],"author":[{"embeddable":true,"href":"https:\/\/plazajuarez.mx\/historico\/wp-json\/wp\/v2\/users\/93"}],"replies":[{"embeddable":true,"href":"https:\/\/plazajuarez.mx\/historico\/wp-json\/wp\/v2\/comments?post=6126"}],"version-history":[{"count":0,"href":"https:\/\/plazajuarez.mx\/historico\/wp-json\/wp\/v2\/posts\/6126\/revisions"}],"wp:attachment":[{"href":"https:\/\/plazajuarez.mx\/historico\/wp-json\/wp\/v2\/media?parent=6126"}],"wp:term":[{"taxonomy":"category","embeddable":true,"href":"https:\/\/plazajuarez.mx\/historico\/wp-json\/wp\/v2\/categories?post=6126"},{"taxonomy":"post_tag","embeddable":true,"href":"https:\/\/plazajuarez.mx\/historico\/wp-json\/wp\/v2\/tags?post=6126"}],"curies":[{"name":"wp","href":"https:\/\/api.w.org\/{rel}","templated":true}]}}